{"id":1808,"date":"2023-04-16T23:27:56","date_gmt":"2023-04-17T05:27:56","guid":{"rendered":"https:\/\/alcierrenoticias.com\/?p=1808"},"modified":"2023-04-16T23:27:56","modified_gmt":"2023-04-17T05:27:56","slug":"arranca-valenciano-segundo-dia-de-torneo-charro","status":"publish","type":"post","link":"https:\/\/alcierrenoticias.com\/index.php\/2023\/04\/16\/arranca-valenciano-segundo-dia-de-torneo-charro\/","title":{"rendered":"Arranca Valenciano segundo d\u00eda de Torneo Charro."},"content":{"rendered":"<p>Este domingo el Presidente Municipal, Jes\u00fas Valenciano, dio inicio a las actividades del segundo d\u00eda del Torneo Charro, evento alusivo al Festival del 90 Aniversario de la Fundaci\u00f3n de Delicias, llevado a cabo en el Lienzo Charro de esta ciudad.<\/p>\n<p>&nbsp;<\/p>\n<p>En el recinto el Alcalde Valenciano, resalt\u00f3 la importancia de promover la charrer\u00eda, que adem\u00e1s de ser una tradici\u00f3n mexicana, es considerada tambi\u00e9n como patrimonio cultural y material de estado de Chihuahua.<\/p>\n<p>&nbsp;<\/p>\n<p>Posteriormente, Valenciano Garc\u00eda, en presencia de asistentes, concursantes, la s\u00edndica municipal, Gabriela Pe\u00f1a y del comit\u00e9 de charros Luciano Carrillo, agradeci\u00f3 tanto a los organizadores como a los participantes, quienes en su mayor\u00eda provienen de diferentes partes del estado, por celebrar con su talento el aniversario de nuestro municipio.<\/p>\n<p>&nbsp;<\/p>\n<p>Destac\u00f3 que este Festival ha detonado la econom\u00eda en la regi\u00f3n, y finalmente invit\u00f3 a todos y todas, a estar pendientes del resto de eventos programados, los cuales pueden encontrarse en el calendario publicado en delicias.gob.mx, para disfrutar en compa\u00f1\u00eda de las familias.<\/p>\n<p><img data-recalc-dims=\"1\" fetchpriority=\"high\" decoding=\"async\" class=\"alignnone  wp-image-1810\" src=\"https:\/\/i0.wp.com\/alcierrenoticias.com\/wp-content\/uploads\/2023\/04\/WhatsApp-Image-2023-04-16-at-5.47.57-PM-1.jpeg?resize=750%2C515&#038;ssl=1\" alt=\"\" width=\"750\" height=\"515\" srcset=\"https:\/\/i0.wp.com\/alcierrenoticias.com\/wp-content\/uploads\/2023\/04\/WhatsApp-Image-2023-04-16-at-5.47.57-PM-1.jpeg?resize=300%2C206&amp;ssl=1 300w, https:\/\/i0.wp.com\/alcierrenoticias.com\/wp-content\/uploads\/2023\/04\/WhatsApp-Image-2023-04-16-at-5.47.57-PM-1.jpeg?resize=768%2C527&amp;ssl=1 768w, https:\/\/i0.wp.com\/alcierrenoticias.com\/wp-content\/uploads\/2023\/04\/WhatsApp-Image-2023-04-16-at-5.47.57-PM-1.jpeg?resize=95%2C65&amp;ssl=1 95w, https:\/\/i0.wp.com\/alcierrenoticias.com\/wp-content\/uploads\/2023\/04\/WhatsApp-Image-2023-04-16-at-5.47.57-PM-1.jpeg?w=1024&amp;ssl=1 1024w\" sizes=\"(max-width: 750px) 100vw, 750px\" \/><\/p>\n","protected":false},"excerpt":{"rendered":"<p>Este domingo el Presidente Municipal, Jes\u00fas Valenciano, dio inicio a las actividades del segundo d\u00eda del Torneo Charro, evento alusivo al Festival del 90 Aniversario de la Fundaci\u00f3n de Delicias, llevado a cabo en el Lienzo Charro de esta ciudad. &nbsp; En el recinto el Alcalde Valenciano, resalt\u00f3 la importancia de promover la charrer\u00eda, que adem\u00e1s de ser una tradici\u00f3n mexicana, es considerada tambi\u00e9n como patrimonio cultural y material de estado de Chihuahua. &nbsp; Posteriormente, Valenciano Garc\u00eda, en presencia de asistentes, concursantes, la s\u00edndica municipal, Gabriela Pe\u00f1a y del comit\u00e9 de charros Luciano Carrillo, agradeci\u00f3 tanto a los organizadores como a los participantes, quienes en su mayor\u00eda provienen de diferentes partes del estado, por celebrar con su talento el aniversario de nuestro municipio. &nbsp; Destac\u00f3 que este Festival ha detonado la econom\u00eda en la regi\u00f3n, y finalmente invit\u00f3 a todos y todas, a estar pendientes del resto de eventos programados, los cuales pueden encontrarse en el calendario publicado en delicias.gob.mx, para disfrutar en compa\u00f1\u00eda de las familias.<\/p>\n","protected":false},"author":2,"featured_media":1809,"comment_status":"open","ping_status":"open","sticky":false,"template":"","format":"standard","meta":{"_monsterinsights_skip_tracking":false,"_monsterinsights_sitenote_active":false,"_monsterinsights_sitenote_note":"","_monsterinsights_sitenote_category":0,"advanced_seo_description":"","jetpack_seo_html_title":"","jetpack_seo_noindex":false,"_jetpack_memberships_contains_paid_content":false,"footnotes":"","jetpack_publicize_message":"","jetpack_publicize_feature_enabled":true,"jetpack_social_post_already_shared":true,"jetpack_social_options":{"image_generator_settings":{"template":"highway","enabled":false},"version":2}},"categories":[135,7,11],"tags":[],"class_list":["post-1808","post","type-post","status-publish","format-standard","has-post-thumbnail","hentry","category-lo-mas-leido","category-local","category-principal"],"jetpack_publicize_connections":[],"jetpack_sharing_enabled":true,"jetpack_featured_media_url":"https:\/\/i0.wp.com\/alcierrenoticias.com\/wp-content\/uploads\/2023\/04\/WhatsApp-Image-2023-04-16-at-5.47.57-PM.jpeg?fit=1024%2C682&ssl=1","amp_enabled":true,"_links":{"self":[{"href":"https:\/\/alcierrenoticias.com\/index.php\/wp-json\/wp\/v2\/posts\/1808","targetHints":{"allow":["GET"]}}],"collection":[{"href":"https:\/\/alcierrenoticias.com\/index.php\/wp-json\/wp\/v2\/posts"}],"about":[{"href":"https:\/\/alcierrenoticias.com\/index.php\/wp-json\/wp\/v2\/types\/post"}],"author":[{"embeddable":true,"href":"https:\/\/alcierrenoticias.com\/index.php\/wp-json\/wp\/v2\/users\/2"}],"replies":[{"embeddable":true,"href":"https:\/\/alcierrenoticias.com\/index.php\/wp-json\/wp\/v2\/comments?post=1808"}],"version-history":[{"count":1,"href":"https:\/\/alcierrenoticias.com\/index.php\/wp-json\/wp\/v2\/posts\/1808\/revisions"}],"predecessor-version":[{"id":1811,"href":"https:\/\/alcierrenoticias.com\/index.php\/wp-json\/wp\/v2\/posts\/1808\/revisions\/1811"}],"wp:featuredmedia":[{"embeddable":true,"href":"https:\/\/alcierrenoticias.com\/index.php\/wp-json\/wp\/v2\/media\/1809"}],"wp:attachment":[{"href":"https:\/\/alcierrenoticias.com\/index.php\/wp-json\/wp\/v2\/media?parent=1808"}],"wp:term":[{"taxonomy":"category","embeddable":true,"href":"https:\/\/alcierrenoticias.com\/index.php\/wp-json\/wp\/v2\/categories?post=1808"},{"taxonomy":"post_tag","embeddable":true,"href":"https:\/\/alcierrenoticias.com\/index.php\/wp-json\/wp\/v2\/tags?post=1808"}],"curies":[{"name":"wp","href":"https:\/\/api.w.org\/{rel}","templated":true}]}}