{"id":18034,"date":"2025-10-07T12:58:28","date_gmt":"2025-10-07T18:58:28","guid":{"rendered":"https:\/\/alcierrenoticias.com\/?p=18034"},"modified":"2025-10-08T13:00:56","modified_gmt":"2025-10-08T19:00:56","slug":"juan-carlos-velasco-dio-el-arranque-de-obra-en-avenida-ferrocarril","status":"publish","type":"post","link":"https:\/\/alcierrenoticias.com\/index.php\/2025\/10\/07\/juan-carlos-velasco-dio-el-arranque-de-obra-en-avenida-ferrocarril\/","title":{"rendered":"Juan Carlos Velasco dio el arranque de obra en avenida Ferrocarril."},"content":{"rendered":"<p>Con una inversi\u00f3n de m\u00e1s de 2.5 millones de pesos, ser\u00e1n reemplazadas las tuber\u00edas de agua potable y drenaje en la prolongaci\u00f3n de avenida Ferrocarril; incluye tomas domiciliarias, descargas particulares y la construcci\u00f3n y puesta en funcionamiento de una caja de v\u00e1lvulas reguladoras de presiones.<\/p>\n<p>As\u00ed lo detall\u00f3 Juan Carlos Velasco, director ejecutivo de la Junta Municipal de Agua y Saneamiento de Delicias, la ma\u00f1ana de este martes, contando con la presencia de Mario Mata Carrasco, director ejecutivo de la Junta Central en el Estado.<\/p>\n<p>Velasco Ponce record\u00f3 su llegada al cargo con la instrucci\u00f3n precisa de la gobernadora Maru Campos, \u201ctrabajar de la mano con los gobiernos estatal y municipal, as\u00ed como con la Junta Central, pues solo as\u00ed es posible mejorar las condiciones de econom\u00eda, desarrollo y convivencia\u201d.<\/p>\n<p>El funcionario del estado hizo hincapi\u00e9 en la solicitud que hicieran los vecinos de esta vialidad, d\u00edas atr\u00e1s, principalmente por parte de los productores de leche, cuyos veh\u00edculos de carga y transporte circulan a diario por esta v\u00eda.<\/p>\n<p>\u201cTenemos la convicci\u00f3n de que el trabajo en unidad es lo que m\u00e1s le conviene a los delicienses, esta es una prueba de ello, y esta es la parte que nos toca a nosotros desde el organismo: contribuir en el desarrollo de Delicias a trav\u00e9s de la mejora de los servicios de agua potable y drenaje\u201d.<\/p>\n<p>Al acto acudieron tambi\u00e9n el director de obras p\u00fablicas del Gobierno Municipal, Alfonso Rodr\u00edguez Porras, as\u00ed como la regidora Silvia Rom\u00e1n, en representaci\u00f3n del alcalde Jes\u00fas Valenciano. De igual manera los propietarios, directivos y gerentes de negocios colindantes de la prolongaci\u00f3n avenida Ferrocarril.<\/p>\n","protected":false},"excerpt":{"rendered":"<p>Con una inversi\u00f3n de m\u00e1s de 2.5 millones de pesos, ser\u00e1n reemplazadas las tuber\u00edas de agua potable y drenaje en la prolongaci\u00f3n de avenida Ferrocarril; incluye tomas domiciliarias, descargas particulares y la construcci\u00f3n y puesta en funcionamiento de una caja de v\u00e1lvulas reguladoras de presiones. As\u00ed lo detall\u00f3 Juan Carlos Velasco, director ejecutivo de la Junta Municipal de Agua y Saneamiento de Delicias, la ma\u00f1ana de este martes, contando con la presencia de Mario Mata Carrasco, director ejecutivo de la Junta Central en el Estado. Velasco Ponce record\u00f3 su llegada al cargo con la instrucci\u00f3n precisa de la gobernadora Maru Campos, \u201ctrabajar de la mano con los gobiernos estatal y municipal, as\u00ed como con la Junta Central, pues solo as\u00ed es posible mejorar las condiciones de econom\u00eda, desarrollo y convivencia\u201d. El funcionario del estado hizo hincapi\u00e9 en la solicitud que hicieran los vecinos de esta vialidad, d\u00edas atr\u00e1s, principalmente por parte de los productores de leche, cuyos veh\u00edculos de carga y transporte circulan a diario por esta v\u00eda. \u201cTenemos la convicci\u00f3n de que el trabajo en unidad es lo que m\u00e1s le conviene a los delicienses, esta es una prueba de ello, y esta es la parte que nos toca a nosotros desde el organismo: contribuir en el desarrollo de Delicias a trav\u00e9s de la mejora de los servicios de agua potable y drenaje\u201d. Al acto acudieron tambi\u00e9n el director de obras p\u00fablicas del Gobierno Municipal, Alfonso Rodr\u00edguez Porras, as\u00ed como la regidora Silvia Rom\u00e1n, en representaci\u00f3n del alcalde Jes\u00fas Valenciano. De igual manera los propietarios, directivos y gerentes de negocios colindantes de la prolongaci\u00f3n avenida Ferrocarril.<\/p>\n","protected":false},"author":2,"featured_media":18035,"comment_status":"open","ping_status":"open","sticky":false,"template":"","format":"standard","meta":{"_monsterinsights_skip_tracking":false,"_monsterinsights_sitenote_active":false,"_monsterinsights_sitenote_note":"","_monsterinsights_sitenote_category":0,"advanced_seo_description":"","jetpack_seo_html_title":"","jetpack_seo_noindex":false,"_jetpack_memberships_contains_paid_content":false,"footnotes":"","jetpack_publicize_message":"","jetpack_publicize_feature_enabled":true,"jetpack_social_post_already_shared":true,"jetpack_social_options":{"image_generator_settings":{"template":"highway","enabled":false},"version":2}},"categories":[135,7,11],"tags":[],"class_list":["post-18034","post","type-post","status-publish","format-standard","has-post-thumbnail","hentry","category-lo-mas-leido","category-local","category-principal"],"jetpack_publicize_connections":[],"jetpack_sharing_enabled":true,"jetpack_featured_media_url":"https:\/\/i0.wp.com\/alcierrenoticias.com\/wp-content\/uploads\/2025\/10\/WhatsApp-Image-2025-10-07-at-12.55.49-PM-e1759949786660.jpeg?fit=500%2C522&ssl=1","amp_enabled":true,"_links":{"self":[{"href":"https:\/\/alcierrenoticias.com\/index.php\/wp-json\/wp\/v2\/posts\/18034","targetHints":{"allow":["GET"]}}],"collection":[{"href":"https:\/\/alcierrenoticias.com\/index.php\/wp-json\/wp\/v2\/posts"}],"about":[{"href":"https:\/\/alcierrenoticias.com\/index.php\/wp-json\/wp\/v2\/types\/post"}],"author":[{"embeddable":true,"href":"https:\/\/alcierrenoticias.com\/index.php\/wp-json\/wp\/v2\/users\/2"}],"replies":[{"embeddable":true,"href":"https:\/\/alcierrenoticias.com\/index.php\/wp-json\/wp\/v2\/comments?post=18034"}],"version-history":[{"count":2,"href":"https:\/\/alcierrenoticias.com\/index.php\/wp-json\/wp\/v2\/posts\/18034\/revisions"}],"predecessor-version":[{"id":18037,"href":"https:\/\/alcierrenoticias.com\/index.php\/wp-json\/wp\/v2\/posts\/18034\/revisions\/18037"}],"wp:featuredmedia":[{"embeddable":true,"href":"https:\/\/alcierrenoticias.com\/index.php\/wp-json\/wp\/v2\/media\/18035"}],"wp:attachment":[{"href":"https:\/\/alcierrenoticias.com\/index.php\/wp-json\/wp\/v2\/media?parent=18034"}],"wp:term":[{"taxonomy":"category","embeddable":true,"href":"https:\/\/alcierrenoticias.com\/index.php\/wp-json\/wp\/v2\/categories?post=18034"},{"taxonomy":"post_tag","embeddable":true,"href":"https:\/\/alcierrenoticias.com\/index.php\/wp-json\/wp\/v2\/tags?post=18034"}],"curies":[{"name":"wp","href":"https:\/\/api.w.org\/{rel}","templated":true}]}}