{"id":18010,"date":"2025-10-06T15:33:16","date_gmt":"2025-10-06T21:33:16","guid":{"rendered":"https:\/\/alcierrenoticias.com\/?p=18010"},"modified":"2025-10-06T18:57:36","modified_gmt":"2025-10-07T00:57:36","slug":"concientizaran-en-meoqui-sobre-habitos-y-salud-femenina-con-conferencia-este-martes","status":"publish","type":"post","link":"https:\/\/alcierrenoticias.com\/index.php\/2025\/10\/06\/concientizaran-en-meoqui-sobre-habitos-y-salud-femenina-con-conferencia-este-martes\/","title":{"rendered":"Concientizar\u00e1n en Meoqui sobre H\u00e1bitos y Salud Femenina con conferencia este martes."},"content":{"rendered":"<p>Ser\u00e1 a las 10 de la ma\u00f1ana en el Sal\u00f3n Armon\u00eda con informaci\u00f3n para prevenir y detectar enfermedades como el C\u00e1ncer de Mama<\/p>\n<p>En el marco del Octubre Rosa, Mes de la Lucha Contra el C\u00e1ncer en la Mujer, el Gobierno Municipal de Meoqui, a trav\u00e9s de la Instancia Municipal de Atenci\u00f3n a la Mujer y la Direcci\u00f3n de Salud, en coordinaci\u00f3n con la Asociaci\u00f3n Civil Luchando por Vivir y Servir, invita a la conferencia \u201cH\u00e1bitos y Salud Femenina\u201d que se llevar\u00e1 a cabo este martes 7 de octubre a las 10 de la ma\u00f1ana en el sal\u00f3n del Grupo de la Tercera Edad Armon\u00eda.<\/p>\n<p>La directora de la Instancia de la Mujer, Mar\u00eda del Refugio Silva Uranga, dio a conocer que este evento contar\u00e1 con la participaci\u00f3n de la Dr. Adriana Far\u00edas, m\u00e9dico bariatra, y el Dr. Iv\u00e1n Rangel Cuevas, ginec\u00f3logo onc\u00f3logo, quienes brindaran informaci\u00f3n \u00fatil para prevenir y detectar a tiempo enfermedades como el c\u00e1ncer de mama, promoviendo adem\u00e1s una buena alimentaci\u00f3n y h\u00e1bitos saludables.<\/p>\n<p>\u201cTrabajamos mucho en lo que es la prevenci\u00f3n, tal como nos lo ha instruido nuestra alcaldesa Miriam Soto, de seguir impulsando acciones que promuevan el bienestar de las mujeres meoquenses\u201d, expres\u00f3 la directora extendiendo la invitaci\u00f3n a todas las mujeres interesadas, reiterando que es importante informarse y cuidarse para prevenir estas enfermedades.<\/p>\n","protected":false},"excerpt":{"rendered":"<p>Ser\u00e1 a las 10 de la ma\u00f1ana en el Sal\u00f3n Armon\u00eda con informaci\u00f3n para prevenir y detectar enfermedades como el C\u00e1ncer de Mama En el marco del Octubre Rosa, Mes de la Lucha Contra el C\u00e1ncer en la Mujer, el Gobierno Municipal de Meoqui, a trav\u00e9s de la Instancia Municipal de Atenci\u00f3n a la Mujer y la Direcci\u00f3n de Salud, en coordinaci\u00f3n con la Asociaci\u00f3n Civil Luchando por Vivir y Servir, invita a la conferencia \u201cH\u00e1bitos y Salud Femenina\u201d que se llevar\u00e1 a cabo este martes 7 de octubre a las 10 de la ma\u00f1ana en el sal\u00f3n del Grupo de la Tercera Edad Armon\u00eda. La directora de la Instancia de la Mujer, Mar\u00eda del Refugio Silva Uranga, dio a conocer que este evento contar\u00e1 con la participaci\u00f3n de la Dr. Adriana Far\u00edas, m\u00e9dico bariatra, y el Dr. Iv\u00e1n Rangel Cuevas, ginec\u00f3logo onc\u00f3logo, quienes brindaran informaci\u00f3n \u00fatil para prevenir y detectar a tiempo enfermedades como el c\u00e1ncer de mama, promoviendo adem\u00e1s una buena alimentaci\u00f3n y h\u00e1bitos saludables. \u201cTrabajamos mucho en lo que es la prevenci\u00f3n, tal como nos lo ha instruido nuestra alcaldesa Miriam Soto, de seguir impulsando acciones que promuevan el bienestar de las mujeres meoquenses\u201d, expres\u00f3 la directora extendiendo la invitaci\u00f3n a todas las mujeres interesadas, reiterando que es importante informarse y cuidarse para prevenir estas enfermedades.<\/p>\n","protected":false},"author":2,"featured_media":18011,"comment_status":"open","ping_status":"open","sticky":false,"template":"","format":"standard","meta":{"_monsterinsights_skip_tracking":false,"_monsterinsights_sitenote_active":false,"_monsterinsights_sitenote_note":"","_monsterinsights_sitenote_category":0,"advanced_seo_description":"","jetpack_seo_html_title":"","jetpack_seo_noindex":false,"_jetpack_memberships_contains_paid_content":false,"footnotes":"","jetpack_publicize_message":"","jetpack_publicize_feature_enabled":true,"jetpack_social_post_already_shared":true,"jetpack_social_options":{"image_generator_settings":{"template":"highway","enabled":false},"version":2}},"categories":[135,7,11],"tags":[],"class_list":["post-18010","post","type-post","status-publish","format-standard","has-post-thumbnail","hentry","category-lo-mas-leido","category-local","category-principal"],"jetpack_publicize_connections":[],"jetpack_sharing_enabled":true,"jetpack_featured_media_url":"https:\/\/i0.wp.com\/alcierrenoticias.com\/wp-content\/uploads\/2025\/10\/WhatsApp-Image-2025-10-06-at-3.09.59-PM-e1759798634663.jpeg?fit=500%2C501&ssl=1","amp_enabled":true,"_links":{"self":[{"href":"https:\/\/alcierrenoticias.com\/index.php\/wp-json\/wp\/v2\/posts\/18010","targetHints":{"allow":["GET"]}}],"collection":[{"href":"https:\/\/alcierrenoticias.com\/index.php\/wp-json\/wp\/v2\/posts"}],"about":[{"href":"https:\/\/alcierrenoticias.com\/index.php\/wp-json\/wp\/v2\/types\/post"}],"author":[{"embeddable":true,"href":"https:\/\/alcierrenoticias.com\/index.php\/wp-json\/wp\/v2\/users\/2"}],"replies":[{"embeddable":true,"href":"https:\/\/alcierrenoticias.com\/index.php\/wp-json\/wp\/v2\/comments?post=18010"}],"version-history":[{"count":2,"href":"https:\/\/alcierrenoticias.com\/index.php\/wp-json\/wp\/v2\/posts\/18010\/revisions"}],"predecessor-version":[{"id":18013,"href":"https:\/\/alcierrenoticias.com\/index.php\/wp-json\/wp\/v2\/posts\/18010\/revisions\/18013"}],"wp:featuredmedia":[{"embeddable":true,"href":"https:\/\/alcierrenoticias.com\/index.php\/wp-json\/wp\/v2\/media\/18011"}],"wp:attachment":[{"href":"https:\/\/alcierrenoticias.com\/index.php\/wp-json\/wp\/v2\/media?parent=18010"}],"wp:term":[{"taxonomy":"category","embeddable":true,"href":"https:\/\/alcierrenoticias.com\/index.php\/wp-json\/wp\/v2\/categories?post=18010"},{"taxonomy":"post_tag","embeddable":true,"href":"https:\/\/alcierrenoticias.com\/index.php\/wp-json\/wp\/v2\/tags?post=18010"}],"curies":[{"name":"wp","href":"https:\/\/api.w.org\/{rel}","templated":true}]}}