{"id":1800,"date":"2023-04-16T23:20:40","date_gmt":"2023-04-17T05:20:40","guid":{"rendered":"https:\/\/alcierrenoticias.com\/?p=1800"},"modified":"2023-04-16T23:20:40","modified_gmt":"2023-04-17T05:20:40","slug":"culminan-70-ninos-ninas-y-sus-familias-el-campamento-de-colores-del-dif-de-meoqui","status":"publish","type":"post","link":"https:\/\/alcierrenoticias.com\/index.php\/2023\/04\/16\/culminan-70-ninos-ninas-y-sus-familias-el-campamento-de-colores-del-dif-de-meoqui\/","title":{"rendered":"Culminan 70 ni\u00f1os, ni\u00f1as y sus familias el Campamento de Colores del DIF de Meoqui."},"content":{"rendered":"<p><em>Durante una semana realizaron actividades como capacitaciones de primeros auxilios, demostraciones de la DSPM, pl\u00e1ticas de Derechos Humanos, entre otras.<\/em><\/p>\n<p>Con rally, juegos mec\u00e1nicos, capacitaciones, pl\u00e1ticas, activaciones f\u00edsicas, entre otras, son las actividades que realizaron m\u00e1s de 70 ni\u00f1os y ni\u00f1as durante una semana en el Campamento de Colores del DIF de Meoqui, donde los peque\u00f1os culminaron este evento acompa\u00f1ados de sus familias, quienes acamparon en el parquecito con una fiesta familiar.<\/p>\n<p>\u201cEl desarrollo de la ni\u00f1ez en el municipio y la convivencia familiar son encomiendas de la alcaldesa Miriam Soto, es por ello que culminamos este campamento una gran respuesta y diversi\u00f3n de las familias de Meoqui, esperamos de todo ese apoyo en la pr\u00f3xima edici\u00f3n\u201d, comparti\u00f3 Norelia Hern\u00e1ndez, presidenta del DIF Municipal.<\/p>\n<p>Inform\u00f3 que los ni\u00f1os y ni\u00f1as que participaron en este Campamento, se capacitaron en primeros auxilios con personal de la Cruz Roja de Meoqui, quienes tambi\u00e9n les compartieron toda la informaci\u00f3n de la l\u00ednea de emergencia y adem\u00e1s, mencion\u00f3 que la direcci\u00f3n de Seguridad P\u00fablica Municipal los acompa\u00f1o para mostrar todos los departamentos de la corporaci\u00f3n como lo son el EPE, K9, Protecci\u00f3n Civil y Bomberos.<\/p>\n<p>De igual manera, la presidenta del DIF Municipal destac\u00f3 que llevaron a los peque\u00f1os a divertirse en los juegos mec\u00e1nicos que se encontraban instalados a unas calles del parquecito del DIF, as\u00ed como al museo que se encuentra a un costado de las oficinas regionales de Derechos Humanos.<\/p>\n<p><img data-recalc-dims=\"1\" fetchpriority=\"high\" decoding=\"async\" class=\"alignnone  wp-image-1803\" src=\"https:\/\/i0.wp.com\/alcierrenoticias.com\/wp-content\/uploads\/2023\/04\/WhatsApp-Image-2023-04-16-at-3.43.58-PM-1.jpeg?resize=750%2C422&#038;ssl=1\" alt=\"\" width=\"750\" height=\"422\" srcset=\"https:\/\/i0.wp.com\/alcierrenoticias.com\/wp-content\/uploads\/2023\/04\/WhatsApp-Image-2023-04-16-at-3.43.58-PM-1.jpeg?resize=300%2C169&amp;ssl=1 300w, https:\/\/i0.wp.com\/alcierrenoticias.com\/wp-content\/uploads\/2023\/04\/WhatsApp-Image-2023-04-16-at-3.43.58-PM-1.jpeg?resize=768%2C432&amp;ssl=1 768w, https:\/\/i0.wp.com\/alcierrenoticias.com\/wp-content\/uploads\/2023\/04\/WhatsApp-Image-2023-04-16-at-3.43.58-PM-1.jpeg?w=960&amp;ssl=1 960w\" sizes=\"(max-width: 750px) 100vw, 750px\" \/><\/p>\n","protected":false},"excerpt":{"rendered":"<p>Durante una semana realizaron actividades como capacitaciones de primeros auxilios, demostraciones de la DSPM, pl\u00e1ticas de Derechos Humanos, entre otras. Con rally, juegos mec\u00e1nicos, capacitaciones, pl\u00e1ticas, activaciones f\u00edsicas, entre otras, son las actividades que realizaron m\u00e1s de 70 ni\u00f1os y ni\u00f1as durante una semana en el Campamento de Colores del DIF de Meoqui, donde los peque\u00f1os culminaron este evento acompa\u00f1ados de sus familias, quienes acamparon en el parquecito con una fiesta familiar. \u201cEl desarrollo de la ni\u00f1ez en el municipio y la convivencia familiar son encomiendas de la alcaldesa Miriam Soto, es por ello que culminamos este campamento una gran respuesta y diversi\u00f3n de las familias de Meoqui, esperamos de todo ese apoyo en la pr\u00f3xima edici\u00f3n\u201d, comparti\u00f3 Norelia Hern\u00e1ndez, presidenta del DIF Municipal. Inform\u00f3 que los ni\u00f1os y ni\u00f1as que participaron en este Campamento, se capacitaron en primeros auxilios con personal de la Cruz Roja de Meoqui, quienes tambi\u00e9n les compartieron toda la informaci\u00f3n de la l\u00ednea de emergencia y adem\u00e1s, mencion\u00f3 que la direcci\u00f3n de Seguridad P\u00fablica Municipal los acompa\u00f1o para mostrar todos los departamentos de la corporaci\u00f3n como lo son el EPE, K9, Protecci\u00f3n Civil y Bomberos. De igual manera, la presidenta del DIF Municipal destac\u00f3 que llevaron a los peque\u00f1os a divertirse en los juegos mec\u00e1nicos que se encontraban instalados a unas calles del parquecito del DIF, as\u00ed como al museo que se encuentra a un costado de las oficinas regionales de Derechos Humanos.<\/p>\n","protected":false},"author":2,"featured_media":1801,"comment_status":"open","ping_status":"open","sticky":false,"template":"","format":"standard","meta":{"_monsterinsights_skip_tracking":false,"_monsterinsights_sitenote_active":false,"_monsterinsights_sitenote_note":"","_monsterinsights_sitenote_category":0,"advanced_seo_description":"","jetpack_seo_html_title":"","jetpack_seo_noindex":false,"_jetpack_memberships_contains_paid_content":false,"footnotes":"","jetpack_publicize_message":"","jetpack_publicize_feature_enabled":true,"jetpack_social_post_already_shared":true,"jetpack_social_options":{"image_generator_settings":{"template":"highway","enabled":false},"version":2}},"categories":[135,7,11],"tags":[],"class_list":["post-1800","post","type-post","status-publish","format-standard","has-post-thumbnail","hentry","category-lo-mas-leido","category-local","category-principal"],"jetpack_publicize_connections":[],"jetpack_sharing_enabled":true,"jetpack_featured_media_url":"https:\/\/i0.wp.com\/alcierrenoticias.com\/wp-content\/uploads\/2023\/04\/WhatsApp-Image-2023-04-16-at-3.43.57-PM.jpeg?fit=1280%2C720&ssl=1","amp_enabled":true,"_links":{"self":[{"href":"https:\/\/alcierrenoticias.com\/index.php\/wp-json\/wp\/v2\/posts\/1800","targetHints":{"allow":["GET"]}}],"collection":[{"href":"https:\/\/alcierrenoticias.com\/index.php\/wp-json\/wp\/v2\/posts"}],"about":[{"href":"https:\/\/alcierrenoticias.com\/index.php\/wp-json\/wp\/v2\/types\/post"}],"author":[{"embeddable":true,"href":"https:\/\/alcierrenoticias.com\/index.php\/wp-json\/wp\/v2\/users\/2"}],"replies":[{"embeddable":true,"href":"https:\/\/alcierrenoticias.com\/index.php\/wp-json\/wp\/v2\/comments?post=1800"}],"version-history":[{"count":1,"href":"https:\/\/alcierrenoticias.com\/index.php\/wp-json\/wp\/v2\/posts\/1800\/revisions"}],"predecessor-version":[{"id":1804,"href":"https:\/\/alcierrenoticias.com\/index.php\/wp-json\/wp\/v2\/posts\/1800\/revisions\/1804"}],"wp:featuredmedia":[{"embeddable":true,"href":"https:\/\/alcierrenoticias.com\/index.php\/wp-json\/wp\/v2\/media\/1801"}],"wp:attachment":[{"href":"https:\/\/alcierrenoticias.com\/index.php\/wp-json\/wp\/v2\/media?parent=1800"}],"wp:term":[{"taxonomy":"category","embeddable":true,"href":"https:\/\/alcierrenoticias.com\/index.php\/wp-json\/wp\/v2\/categories?post=1800"},{"taxonomy":"post_tag","embeddable":true,"href":"https:\/\/alcierrenoticias.com\/index.php\/wp-json\/wp\/v2\/tags?post=1800"}],"curies":[{"name":"wp","href":"https:\/\/api.w.org\/{rel}","templated":true}]}}