{"id":17998,"date":"2025-10-06T15:07:37","date_gmt":"2025-10-06T21:07:37","guid":{"rendered":"https:\/\/alcierrenoticias.com\/?p=17998"},"modified":"2025-10-06T18:40:11","modified_gmt":"2025-10-07T00:40:11","slug":"encabeza-valenciano-inauguracion-de-las-ligas-deportivas-escolares-2025-2026","status":"publish","type":"post","link":"https:\/\/alcierrenoticias.com\/index.php\/2025\/10\/06\/encabeza-valenciano-inauguracion-de-las-ligas-deportivas-escolares-2025-2026\/","title":{"rendered":"Encabeza Valenciano inauguraci\u00f3n de las Ligas Deportivas Escolares 2025-2026."},"content":{"rendered":"<p>Con el objetivo de fomentar el deporte, la convivencia y los valores entre estudiantes de todos los niveles educativos, el presidente municipal de Delicias, Jes\u00fas Valenciano Garc\u00eda, encabez\u00f3 la ceremonia de inauguraci\u00f3n de las Ligas Deportivas Escolares 2025-2026. En esta edici\u00f3n participan m\u00e1s de 6 mil alumnos de preescolar, primaria, secundaria y preparatoria, tanto del subsistema estatal como del federal, en lo que representa un importante esfuerzo conjunto entre el municipio y las instituciones educativas.<\/p>\n<p>Durante su mensaje, Valenciano Garc\u00eda destac\u00f3 la relevancia de recuperar estos torneos que hab\u00edan desaparecido por m\u00e1s de dos d\u00e9cadas. \u201cHablamos de m\u00e1s de 20 a\u00f1os que estos torneos interescolares se dejaron de hacer. Antes era una chulada ver competir al TEC contra CONTA o Agronom\u00eda, CETIS contra la PREPA, con llenos totales\u201d, record\u00f3 el edil, quien agradeci\u00f3 a las autoridades educativas por sumarse a este proyecto que busca revivir la pasi\u00f3n por el deporte en los j\u00f3venes delicienses.<\/p>\n<p>El presidente municipal reconoci\u00f3 adem\u00e1s a los profesores que en su momento impulsaron estos encuentros deportivos, entregando reconocimientos a Luis Carlos Aguirre, Alfredo Loera, Juan Carlos Castillo, Eduardo Araiza, Demetrio Pi\u00f1\u00f3n y Paola Alicia Rosales. \u201cEllos fueron parte de esa historia que hoy retomamos para seguir formando generaciones con disciplina, trabajo en equipo y esp\u00edritu competitivo\u201d, expres\u00f3.<\/p>\n<p>Se\u00f1al\u00f3 que retomar estas actividades no fue tarea f\u00e1cil, especialmente en el contexto pospandemia, pero resalt\u00f3 los resultados obtenidos desde el a\u00f1o pasado, cuando m\u00e1s de seis mil alumnos participaron en diversas disciplinas. Explic\u00f3 que los estudiantes cambian de deporte cada tres meses, lo que les permite experimentar distintas habilidades y valores que fortalecen su desarrollo integral.<\/p>\n<p>Finalmente, el alcalde enfatiz\u00f3 que el deporte no solo contribuye a la salud f\u00edsica, sino tambi\u00e9n al desarrollo emocional y social de la ni\u00f1ez y juventud. \u201cHoy m\u00e1s que nunca necesitamos que nuestros ni\u00f1os y j\u00f3venes canalicen su energ\u00eda en actividades sanas, que aprendan a ganar, a perder y a trabajar en equipo. Eso es lo que queremos para Delicias: una comunidad activa, unida y con esperanza en el futuro\u201d, concluy\u00f3.<\/p>\n","protected":false},"excerpt":{"rendered":"<p>Con el objetivo de fomentar el deporte, la convivencia y los valores entre estudiantes de todos los niveles educativos, el presidente municipal de Delicias, Jes\u00fas Valenciano Garc\u00eda, encabez\u00f3 la ceremonia de inauguraci\u00f3n de las Ligas Deportivas Escolares 2025-2026. En esta edici\u00f3n participan m\u00e1s de 6 mil alumnos de preescolar, primaria, secundaria y preparatoria, tanto del subsistema estatal como del federal, en lo que representa un importante esfuerzo conjunto entre el municipio y las instituciones educativas. Durante su mensaje, Valenciano Garc\u00eda destac\u00f3 la relevancia de recuperar estos torneos que hab\u00edan desaparecido por m\u00e1s de dos d\u00e9cadas. \u201cHablamos de m\u00e1s de 20 a\u00f1os que estos torneos interescolares se dejaron de hacer. Antes era una chulada ver competir al TEC contra CONTA o Agronom\u00eda, CETIS contra la PREPA, con llenos totales\u201d, record\u00f3 el edil, quien agradeci\u00f3 a las autoridades educativas por sumarse a este proyecto que busca revivir la pasi\u00f3n por el deporte en los j\u00f3venes delicienses. El presidente municipal reconoci\u00f3 adem\u00e1s a los profesores que en su momento impulsaron estos encuentros deportivos, entregando reconocimientos a Luis Carlos Aguirre, Alfredo Loera, Juan Carlos Castillo, Eduardo Araiza, Demetrio Pi\u00f1\u00f3n y Paola Alicia Rosales. \u201cEllos fueron parte de esa historia que hoy retomamos para seguir formando generaciones con disciplina, trabajo en equipo y esp\u00edritu competitivo\u201d, expres\u00f3. Se\u00f1al\u00f3 que retomar estas actividades no fue tarea f\u00e1cil, especialmente en el contexto pospandemia, pero resalt\u00f3 los resultados obtenidos desde el a\u00f1o pasado, cuando m\u00e1s de seis mil alumnos participaron en diversas disciplinas. Explic\u00f3 que los estudiantes cambian de deporte cada tres meses, lo que les permite experimentar distintas habilidades y valores que fortalecen su desarrollo integral. Finalmente, el alcalde enfatiz\u00f3 que el deporte no solo contribuye a la salud f\u00edsica, sino tambi\u00e9n al desarrollo emocional y social de la ni\u00f1ez y juventud. \u201cHoy m\u00e1s que nunca necesitamos que nuestros ni\u00f1os y j\u00f3venes canalicen su energ\u00eda en actividades sanas, que aprendan a ganar, a perder y a trabajar en equipo. Eso es lo que queremos para Delicias: una comunidad activa, unida y con esperanza en el futuro\u201d, concluy\u00f3.<\/p>\n","protected":false},"author":2,"featured_media":17999,"comment_status":"open","ping_status":"open","sticky":false,"template":"","format":"standard","meta":{"_monsterinsights_skip_tracking":false,"_monsterinsights_sitenote_active":false,"_monsterinsights_sitenote_note":"","_monsterinsights_sitenote_category":0,"advanced_seo_description":"","jetpack_seo_html_title":"","jetpack_seo_noindex":false,"_jetpack_memberships_contains_paid_content":false,"footnotes":"","jetpack_publicize_message":"","jetpack_publicize_feature_enabled":true,"jetpack_social_post_already_shared":true,"jetpack_social_options":{"image_generator_settings":{"template":"highway","enabled":false},"version":2}},"categories":[135,7,11],"tags":[],"class_list":["post-17998","post","type-post","status-publish","format-standard","has-post-thumbnail","hentry","category-lo-mas-leido","category-local","category-principal"],"jetpack_publicize_connections":[],"jetpack_sharing_enabled":true,"jetpack_featured_media_url":"https:\/\/i0.wp.com\/alcierrenoticias.com\/wp-content\/uploads\/2025\/10\/WhatsApp-Image-2025-10-06-at-3.01.00-PM.jpeg?fit=1280%2C960&ssl=1","amp_enabled":true,"_links":{"self":[{"href":"https:\/\/alcierrenoticias.com\/index.php\/wp-json\/wp\/v2\/posts\/17998","targetHints":{"allow":["GET"]}}],"collection":[{"href":"https:\/\/alcierrenoticias.com\/index.php\/wp-json\/wp\/v2\/posts"}],"about":[{"href":"https:\/\/alcierrenoticias.com\/index.php\/wp-json\/wp\/v2\/types\/post"}],"author":[{"embeddable":true,"href":"https:\/\/alcierrenoticias.com\/index.php\/wp-json\/wp\/v2\/users\/2"}],"replies":[{"embeddable":true,"href":"https:\/\/alcierrenoticias.com\/index.php\/wp-json\/wp\/v2\/comments?post=17998"}],"version-history":[{"count":2,"href":"https:\/\/alcierrenoticias.com\/index.php\/wp-json\/wp\/v2\/posts\/17998\/revisions"}],"predecessor-version":[{"id":18001,"href":"https:\/\/alcierrenoticias.com\/index.php\/wp-json\/wp\/v2\/posts\/17998\/revisions\/18001"}],"wp:featuredmedia":[{"embeddable":true,"href":"https:\/\/alcierrenoticias.com\/index.php\/wp-json\/wp\/v2\/media\/17999"}],"wp:attachment":[{"href":"https:\/\/alcierrenoticias.com\/index.php\/wp-json\/wp\/v2\/media?parent=17998"}],"wp:term":[{"taxonomy":"category","embeddable":true,"href":"https:\/\/alcierrenoticias.com\/index.php\/wp-json\/wp\/v2\/categories?post=17998"},{"taxonomy":"post_tag","embeddable":true,"href":"https:\/\/alcierrenoticias.com\/index.php\/wp-json\/wp\/v2\/tags?post=17998"}],"curies":[{"name":"wp","href":"https:\/\/api.w.org\/{rel}","templated":true}]}}