{"id":17967,"date":"2025-10-02T15:40:02","date_gmt":"2025-10-02T21:40:02","guid":{"rendered":"https:\/\/alcierrenoticias.com\/?p=17967"},"modified":"2025-10-03T14:30:16","modified_gmt":"2025-10-03T20:30:16","slug":"cerca-de-50-modulos-de-emprendedores-comida-y-cerveza-artesanal-en-el-chevefest-2025","status":"publish","type":"post","link":"https:\/\/alcierrenoticias.com\/index.php\/2025\/10\/02\/cerca-de-50-modulos-de-emprendedores-comida-y-cerveza-artesanal-en-el-chevefest-2025\/","title":{"rendered":"Cerca de 50 m\u00f3dulos de emprendedores, comida y cerveza artesanal en el CheveFest 2025."},"content":{"rendered":"<p>La cita es este s\u00e1bado 4 de octubre en el Centro Recreativo La Ca\u00f1ada a partir de las 3:00 de la tarde<\/p>\n<p>Cerca de 50 productores de Meoqui y la regi\u00f3n participar\u00e1n en la 4ta edici\u00f3n del CheveFest Meoqui 2025 en la Feria de Emprendedores \u201cProduciendo con Amor\u201d, en la que productores locales y regionales estar\u00e1n ofreciendo art\u00edculos elaborados con gran calidad, as\u00ed como de un corredor gastron\u00f3mico con lo mejor de la cocina t\u00edpica y antojitos tradicionales y cerveza artesanal.<\/p>\n<p>\u201cSiempre atendiendo las indicaciones de nuestra alcaldesa Miriam Soto, buscamos impulsar la econom\u00eda familiar brindando espacios que reflejen un beneficio directo en los negocios y el comercio local. Los invitamos a que nos acompa\u00f1en, ser\u00e1 un evento para disfrutar en familia y con un gran elenco musical\u201d, expres\u00f3 el funcionario.<\/p>\n<p>Finalmente, el funcionario extendi\u00f3 la invitaci\u00f3n a la 4ta edici\u00f3n del CheveFest Meoqui 2025, que se llevar\u00e1 a cabo este pr\u00f3ximo s\u00e1bado 4 de octubre a partir de las 3 de la tarde en el Centro Recreativo La Ca\u00f1ada, con un costo de entrada de solo 30 pesos.<\/p>\n","protected":false},"excerpt":{"rendered":"<p>La cita es este s\u00e1bado 4 de octubre en el Centro Recreativo La Ca\u00f1ada a partir de las 3:00 de la tarde Cerca de 50 productores de Meoqui y la regi\u00f3n participar\u00e1n en la 4ta edici\u00f3n del CheveFest Meoqui 2025 en la Feria de Emprendedores \u201cProduciendo con Amor\u201d, en la que productores locales y regionales estar\u00e1n ofreciendo art\u00edculos elaborados con gran calidad, as\u00ed como de un corredor gastron\u00f3mico con lo mejor de la cocina t\u00edpica y antojitos tradicionales y cerveza artesanal. \u201cSiempre atendiendo las indicaciones de nuestra alcaldesa Miriam Soto, buscamos impulsar la econom\u00eda familiar brindando espacios que reflejen un beneficio directo en los negocios y el comercio local. Los invitamos a que nos acompa\u00f1en, ser\u00e1 un evento para disfrutar en familia y con un gran elenco musical\u201d, expres\u00f3 el funcionario. Finalmente, el funcionario extendi\u00f3 la invitaci\u00f3n a la 4ta edici\u00f3n del CheveFest Meoqui 2025, que se llevar\u00e1 a cabo este pr\u00f3ximo s\u00e1bado 4 de octubre a partir de las 3 de la tarde en el Centro Recreativo La Ca\u00f1ada, con un costo de entrada de solo 30 pesos.<\/p>\n","protected":false},"author":2,"featured_media":17968,"comment_status":"open","ping_status":"open","sticky":false,"template":"","format":"standard","meta":{"_monsterinsights_skip_tracking":false,"_monsterinsights_sitenote_active":false,"_monsterinsights_sitenote_note":"","_monsterinsights_sitenote_category":0,"advanced_seo_description":"","jetpack_seo_html_title":"","jetpack_seo_noindex":false,"_jetpack_memberships_contains_paid_content":false,"footnotes":"","jetpack_publicize_message":"","jetpack_publicize_feature_enabled":true,"jetpack_social_post_already_shared":true,"jetpack_social_options":{"image_generator_settings":{"template":"highway","enabled":false},"version":2}},"categories":[135,7,11],"tags":[],"class_list":["post-17967","post","type-post","status-publish","format-standard","has-post-thumbnail","hentry","category-lo-mas-leido","category-local","category-principal"],"jetpack_publicize_connections":[],"jetpack_sharing_enabled":true,"jetpack_featured_media_url":"https:\/\/i0.wp.com\/alcierrenoticias.com\/wp-content\/uploads\/2025\/10\/WhatsApp-Image-2025-10-02-at-3.35.22-PM.jpeg?fit=1280%2C852&ssl=1","amp_enabled":true,"_links":{"self":[{"href":"https:\/\/alcierrenoticias.com\/index.php\/wp-json\/wp\/v2\/posts\/17967","targetHints":{"allow":["GET"]}}],"collection":[{"href":"https:\/\/alcierrenoticias.com\/index.php\/wp-json\/wp\/v2\/posts"}],"about":[{"href":"https:\/\/alcierrenoticias.com\/index.php\/wp-json\/wp\/v2\/types\/post"}],"author":[{"embeddable":true,"href":"https:\/\/alcierrenoticias.com\/index.php\/wp-json\/wp\/v2\/users\/2"}],"replies":[{"embeddable":true,"href":"https:\/\/alcierrenoticias.com\/index.php\/wp-json\/wp\/v2\/comments?post=17967"}],"version-history":[{"count":1,"href":"https:\/\/alcierrenoticias.com\/index.php\/wp-json\/wp\/v2\/posts\/17967\/revisions"}],"predecessor-version":[{"id":17969,"href":"https:\/\/alcierrenoticias.com\/index.php\/wp-json\/wp\/v2\/posts\/17967\/revisions\/17969"}],"wp:featuredmedia":[{"embeddable":true,"href":"https:\/\/alcierrenoticias.com\/index.php\/wp-json\/wp\/v2\/media\/17968"}],"wp:attachment":[{"href":"https:\/\/alcierrenoticias.com\/index.php\/wp-json\/wp\/v2\/media?parent=17967"}],"wp:term":[{"taxonomy":"category","embeddable":true,"href":"https:\/\/alcierrenoticias.com\/index.php\/wp-json\/wp\/v2\/categories?post=17967"},{"taxonomy":"post_tag","embeddable":true,"href":"https:\/\/alcierrenoticias.com\/index.php\/wp-json\/wp\/v2\/tags?post=17967"}],"curies":[{"name":"wp","href":"https:\/\/api.w.org\/{rel}","templated":true}]}}