{"id":17963,"date":"2025-10-02T15:47:51","date_gmt":"2025-10-02T21:47:51","guid":{"rendered":"https:\/\/alcierrenoticias.com\/?p=17963"},"modified":"2025-10-03T14:31:16","modified_gmt":"2025-10-03T20:31:16","slug":"mesa-regional-de-seguridad-se-reune-en-camargo-para-definir-estrategias-preventivas","status":"publish","type":"post","link":"https:\/\/alcierrenoticias.com\/index.php\/2025\/10\/02\/mesa-regional-de-seguridad-se-reune-en-camargo-para-definir-estrategias-preventivas\/","title":{"rendered":"Mesa Regional de Seguridad se re\u00fane en Camargo para definir estrategias preventivas."},"content":{"rendered":"<p>Este martes 30 de septiembre, Camargo fue sede de la Mesa Regional de Seguridad, un espacio estrat\u00e9gico donde se definieron acciones y estrategias encaminadas a prevenir delitos y fortalecer la paz en la regi\u00f3n.<\/p>\n<p>En este importante encuentro participaron representantes de la Secretar\u00eda de la Defensa Nacional (Sedena), Guardia Nacional, as\u00ed como polic\u00edas municipales de Camargo, Jim\u00e9nez, Meoqui, Rosales, Saucillo, San Francisco de Conchos, Delicias y La Cruz.<\/p>\n<p>Durante la reuni\u00f3n se abordaron temas clave para garantizar la seguridad en la regi\u00f3n, destacando la coordinaci\u00f3n entre autoridades y el intercambio de informaci\u00f3n que permita actuar con mayor eficacia ante los retos de la seguridad p\u00fablica.<\/p>\n<p>Este tipo de mesas de trabajo refuerzan el compromiso por mantener un entorno seguro para las familias, mediante acciones preventivas y operativos conjuntos entre los diferentes niveles de gobierno.<\/p>\n","protected":false},"excerpt":{"rendered":"<p>Este martes 30 de septiembre, Camargo fue sede de la Mesa Regional de Seguridad, un espacio estrat\u00e9gico donde se definieron acciones y estrategias encaminadas a prevenir delitos y fortalecer la paz en la regi\u00f3n. En este importante encuentro participaron representantes de la Secretar\u00eda de la Defensa Nacional (Sedena), Guardia Nacional, as\u00ed como polic\u00edas municipales de Camargo, Jim\u00e9nez, Meoqui, Rosales, Saucillo, San Francisco de Conchos, Delicias y La Cruz. Durante la reuni\u00f3n se abordaron temas clave para garantizar la seguridad en la regi\u00f3n, destacando la coordinaci\u00f3n entre autoridades y el intercambio de informaci\u00f3n que permita actuar con mayor eficacia ante los retos de la seguridad p\u00fablica. Este tipo de mesas de trabajo refuerzan el compromiso por mantener un entorno seguro para las familias, mediante acciones preventivas y operativos conjuntos entre los diferentes niveles de gobierno.<\/p>\n","protected":false},"author":2,"featured_media":17964,"comment_status":"open","ping_status":"open","sticky":false,"template":"","format":"standard","meta":{"_monsterinsights_skip_tracking":false,"_monsterinsights_sitenote_active":false,"_monsterinsights_sitenote_note":"","_monsterinsights_sitenote_category":0,"advanced_seo_description":"","jetpack_seo_html_title":"","jetpack_seo_noindex":false,"_jetpack_memberships_contains_paid_content":false,"footnotes":"","jetpack_publicize_message":"","jetpack_publicize_feature_enabled":true,"jetpack_social_post_already_shared":true,"jetpack_social_options":{"image_generator_settings":{"template":"highway","enabled":false},"version":2}},"categories":[8,135,11],"tags":[],"class_list":["post-17963","post","type-post","status-publish","format-standard","has-post-thumbnail","hentry","category-estado","category-lo-mas-leido","category-principal"],"jetpack_publicize_connections":[],"jetpack_sharing_enabled":true,"jetpack_featured_media_url":"https:\/\/i0.wp.com\/alcierrenoticias.com\/wp-content\/uploads\/2025\/10\/WhatsApp-Image-2025-10-02-at-3.34.35-PM-1.jpeg?fit=1600%2C1200&ssl=1","amp_enabled":true,"_links":{"self":[{"href":"https:\/\/alcierrenoticias.com\/index.php\/wp-json\/wp\/v2\/posts\/17963","targetHints":{"allow":["GET"]}}],"collection":[{"href":"https:\/\/alcierrenoticias.com\/index.php\/wp-json\/wp\/v2\/posts"}],"about":[{"href":"https:\/\/alcierrenoticias.com\/index.php\/wp-json\/wp\/v2\/types\/post"}],"author":[{"embeddable":true,"href":"https:\/\/alcierrenoticias.com\/index.php\/wp-json\/wp\/v2\/users\/2"}],"replies":[{"embeddable":true,"href":"https:\/\/alcierrenoticias.com\/index.php\/wp-json\/wp\/v2\/comments?post=17963"}],"version-history":[{"count":2,"href":"https:\/\/alcierrenoticias.com\/index.php\/wp-json\/wp\/v2\/posts\/17963\/revisions"}],"predecessor-version":[{"id":17971,"href":"https:\/\/alcierrenoticias.com\/index.php\/wp-json\/wp\/v2\/posts\/17963\/revisions\/17971"}],"wp:featuredmedia":[{"embeddable":true,"href":"https:\/\/alcierrenoticias.com\/index.php\/wp-json\/wp\/v2\/media\/17964"}],"wp:attachment":[{"href":"https:\/\/alcierrenoticias.com\/index.php\/wp-json\/wp\/v2\/media?parent=17963"}],"wp:term":[{"taxonomy":"category","embeddable":true,"href":"https:\/\/alcierrenoticias.com\/index.php\/wp-json\/wp\/v2\/categories?post=17963"},{"taxonomy":"post_tag","embeddable":true,"href":"https:\/\/alcierrenoticias.com\/index.php\/wp-json\/wp\/v2\/tags?post=17963"}],"curies":[{"name":"wp","href":"https:\/\/api.w.org\/{rel}","templated":true}]}}