{"id":17920,"date":"2025-10-01T16:04:03","date_gmt":"2025-10-01T22:04:03","guid":{"rendered":"https:\/\/alcierrenoticias.com\/?p=17920"},"modified":"2025-10-02T23:56:43","modified_gmt":"2025-10-03T05:56:43","slug":"gobierno-municipal-de-camargo-realiza-premiacion-e-inauguracion-de-la-liga-municipal-de-tochito","status":"publish","type":"post","link":"https:\/\/alcierrenoticias.com\/index.php\/2025\/10\/01\/gobierno-municipal-de-camargo-realiza-premiacion-e-inauguracion-de-la-liga-municipal-de-tochito\/","title":{"rendered":"Gobierno Municipal de Camargo realiza premiaci\u00f3n e inauguraci\u00f3n de la Liga Municipal de Tochito."},"content":{"rendered":"<p>El Gobierno Municipal de Camargo, en coordinaci\u00f3n con el Comit\u00e9 Municipal de Tochito, llev\u00f3 a cabo la premiaci\u00f3n e inauguraci\u00f3n de la Liga Municipal de Tochito, teniendo como sede el campo de f\u00fatbol 7&#215;7.<\/p>\n<p>Durante el evento se reconoci\u00f3 el esfuerzo de los equipos participantes en la pasada temporada, entregando trofeos y reconocimientos a los m\u00e1s destacados. Asimismo, se dio el arranque oficial a una nueva etapa de esta disciplina deportiva, que cada vez gana mayor presencia entre j\u00f3venes y adultos.<\/p>\n<p>El presidente municipal, Jorge Aldana, destac\u00f3 la importancia de impulsar espacios deportivos que promuevan la integraci\u00f3n social y el desarrollo de talentos locales, reafirmando el compromiso de su administraci\u00f3n con el deporte y la sana convivencia.<\/p>\n<p>Con estas acciones, el Gobierno Municipal de Camargo busca fortalecer las opciones deportivas y seguir construyendo una ciudad con m\u00e1s oportunidades para todos.<\/p>\n","protected":false},"excerpt":{"rendered":"<p>El Gobierno Municipal de Camargo, en coordinaci\u00f3n con el Comit\u00e9 Municipal de Tochito, llev\u00f3 a cabo la premiaci\u00f3n e inauguraci\u00f3n de la Liga Municipal de Tochito, teniendo como sede el campo de f\u00fatbol 7&#215;7. Durante el evento se reconoci\u00f3 el esfuerzo de los equipos participantes en la pasada temporada, entregando trofeos y reconocimientos a los m\u00e1s destacados. Asimismo, se dio el arranque oficial a una nueva etapa de esta disciplina deportiva, que cada vez gana mayor presencia entre j\u00f3venes y adultos. El presidente municipal, Jorge Aldana, destac\u00f3 la importancia de impulsar espacios deportivos que promuevan la integraci\u00f3n social y el desarrollo de talentos locales, reafirmando el compromiso de su administraci\u00f3n con el deporte y la sana convivencia. Con estas acciones, el Gobierno Municipal de Camargo busca fortalecer las opciones deportivas y seguir construyendo una ciudad con m\u00e1s oportunidades para todos.<\/p>\n","protected":false},"author":2,"featured_media":17923,"comment_status":"open","ping_status":"open","sticky":false,"template":"","format":"standard","meta":{"_monsterinsights_skip_tracking":false,"_monsterinsights_sitenote_active":false,"_monsterinsights_sitenote_note":"","_monsterinsights_sitenote_category":0,"advanced_seo_description":"","jetpack_seo_html_title":"","jetpack_seo_noindex":false,"_jetpack_memberships_contains_paid_content":false,"footnotes":"","jetpack_publicize_message":"","jetpack_publicize_feature_enabled":true,"jetpack_social_post_already_shared":true,"jetpack_social_options":{"image_generator_settings":{"template":"highway","enabled":false},"version":2}},"categories":[8,135,11],"tags":[],"class_list":["post-17920","post","type-post","status-publish","format-standard","has-post-thumbnail","hentry","category-estado","category-lo-mas-leido","category-principal"],"jetpack_publicize_connections":[],"jetpack_sharing_enabled":true,"jetpack_featured_media_url":"https:\/\/i0.wp.com\/alcierrenoticias.com\/wp-content\/uploads\/2025\/10\/WhatsApp-Image-2025-10-01-at-3.53.28-PM.jpeg?fit=1600%2C1066&ssl=1","amp_enabled":true,"_links":{"self":[{"href":"https:\/\/alcierrenoticias.com\/index.php\/wp-json\/wp\/v2\/posts\/17920","targetHints":{"allow":["GET"]}}],"collection":[{"href":"https:\/\/alcierrenoticias.com\/index.php\/wp-json\/wp\/v2\/posts"}],"about":[{"href":"https:\/\/alcierrenoticias.com\/index.php\/wp-json\/wp\/v2\/types\/post"}],"author":[{"embeddable":true,"href":"https:\/\/alcierrenoticias.com\/index.php\/wp-json\/wp\/v2\/users\/2"}],"replies":[{"embeddable":true,"href":"https:\/\/alcierrenoticias.com\/index.php\/wp-json\/wp\/v2\/comments?post=17920"}],"version-history":[{"count":1,"href":"https:\/\/alcierrenoticias.com\/index.php\/wp-json\/wp\/v2\/posts\/17920\/revisions"}],"predecessor-version":[{"id":17921,"href":"https:\/\/alcierrenoticias.com\/index.php\/wp-json\/wp\/v2\/posts\/17920\/revisions\/17921"}],"wp:featuredmedia":[{"embeddable":true,"href":"https:\/\/alcierrenoticias.com\/index.php\/wp-json\/wp\/v2\/media\/17923"}],"wp:attachment":[{"href":"https:\/\/alcierrenoticias.com\/index.php\/wp-json\/wp\/v2\/media?parent=17920"}],"wp:term":[{"taxonomy":"category","embeddable":true,"href":"https:\/\/alcierrenoticias.com\/index.php\/wp-json\/wp\/v2\/categories?post=17920"},{"taxonomy":"post_tag","embeddable":true,"href":"https:\/\/alcierrenoticias.com\/index.php\/wp-json\/wp\/v2\/tags?post=17920"}],"curies":[{"name":"wp","href":"https:\/\/api.w.org\/{rel}","templated":true}]}}