{"id":17916,"date":"2025-10-01T15:51:47","date_gmt":"2025-10-01T21:51:47","guid":{"rendered":"https:\/\/alcierrenoticias.com\/?p=17916"},"modified":"2025-10-02T23:53:37","modified_gmt":"2025-10-03T05:53:37","slug":"recibe-don-daniel-torres-chavez-la-medalla-al-merito-panista-manuel-gomez-morin","status":"publish","type":"post","link":"https:\/\/alcierrenoticias.com\/index.php\/2025\/10\/01\/recibe-don-daniel-torres-chavez-la-medalla-al-merito-panista-manuel-gomez-morin\/","title":{"rendered":"Recibe Don Daniel Torres Ch\u00e1vez la Medalla al M\u00e9rito Panista \u2018Manuel G\u00f3mez Mor\u00edn\u2019."},"content":{"rendered":"<p>En el marco del 86 aniversario del PAN, se llev\u00f3 a cabo la entrega de la Medalla al M\u00e9rito Panista Manuel G\u00f3mez Mor\u00edn, edici\u00f3n n\u00famero 14. La noche fue iluminada por la presencia de destacados l\u00edderes del Partido Acci\u00f3n Nacional (PAN), familiares y simpatizantes, quienes se unieron para celebrar la contribuci\u00f3n ejemplar de don Daniel Torres Ch\u00e1vez.<\/p>\n<p>El homenajeado, Don Daniel TorresCh\u00e1vez, fue el centro de atenci\u00f3n en este evento tan significativo, quien acompa\u00f1ado de su esposa y familiares cercanos, el se\u00f1or Ch\u00e1vez recibi\u00f3 este prestigioso galard\u00f3n en reconocimiento a su inquebrantable dedicaci\u00f3n y compromiso con los ideales panistas a lo largo de los a\u00f1os.<\/p>\n<p>El presidente del Comit\u00e9 Directivo Municipal, Marcos Dominguez, Presidente Electo David Gallegos, Diputado Roberto Carre\u00f3n y el alcalde de Delicias Jes\u00fas Valenciano, tomaron la palabra para felicitar y enaltecer los logros y valores de don Daniel Torres. Destacaron su labor incansable en pro de la comunidad y su contribuci\u00f3n constante al fortalecimiento del PAN en la regi\u00f3n.<\/p>\n<p>La entrega de la Medalla al M\u00e9rito Panista Manuel G\u00f3mez Mor\u00edn contin\u00faa siendo un evento emblem\u00e1tico que destaca la importancia de la dedicaci\u00f3n y la labor incansable de individuos que han dejado una huella imborrable en la historia del PAN. Don Daniel Torres se suma a la distinguida lista de galardonados, dejando un ejemplo de compromiso y servicio para las futuras generaciones de panistas.<\/p>\n","protected":false},"excerpt":{"rendered":"<p>En el marco del 86 aniversario del PAN, se llev\u00f3 a cabo la entrega de la Medalla al M\u00e9rito Panista Manuel G\u00f3mez Mor\u00edn, edici\u00f3n n\u00famero 14. La noche fue iluminada por la presencia de destacados l\u00edderes del Partido Acci\u00f3n Nacional (PAN), familiares y simpatizantes, quienes se unieron para celebrar la contribuci\u00f3n ejemplar de don Daniel Torres Ch\u00e1vez. El homenajeado, Don Daniel TorresCh\u00e1vez, fue el centro de atenci\u00f3n en este evento tan significativo, quien acompa\u00f1ado de su esposa y familiares cercanos, el se\u00f1or Ch\u00e1vez recibi\u00f3 este prestigioso galard\u00f3n en reconocimiento a su inquebrantable dedicaci\u00f3n y compromiso con los ideales panistas a lo largo de los a\u00f1os. El presidente del Comit\u00e9 Directivo Municipal, Marcos Dominguez, Presidente Electo David Gallegos, Diputado Roberto Carre\u00f3n y el alcalde de Delicias Jes\u00fas Valenciano, tomaron la palabra para felicitar y enaltecer los logros y valores de don Daniel Torres. Destacaron su labor incansable en pro de la comunidad y su contribuci\u00f3n constante al fortalecimiento del PAN en la regi\u00f3n. La entrega de la Medalla al M\u00e9rito Panista Manuel G\u00f3mez Mor\u00edn contin\u00faa siendo un evento emblem\u00e1tico que destaca la importancia de la dedicaci\u00f3n y la labor incansable de individuos que han dejado una huella imborrable en la historia del PAN. Don Daniel Torres se suma a la distinguida lista de galardonados, dejando un ejemplo de compromiso y servicio para las futuras generaciones de panistas.<\/p>\n","protected":false},"author":2,"featured_media":17917,"comment_status":"open","ping_status":"open","sticky":false,"template":"","format":"standard","meta":{"_monsterinsights_skip_tracking":false,"_monsterinsights_sitenote_active":false,"_monsterinsights_sitenote_note":"","_monsterinsights_sitenote_category":0,"advanced_seo_description":"","jetpack_seo_html_title":"","jetpack_seo_noindex":false,"_jetpack_memberships_contains_paid_content":false,"footnotes":"","jetpack_publicize_message":"","jetpack_publicize_feature_enabled":true,"jetpack_social_post_already_shared":true,"jetpack_social_options":{"image_generator_settings":{"template":"highway","enabled":false},"version":2}},"categories":[135,7,11],"tags":[],"class_list":["post-17916","post","type-post","status-publish","format-standard","has-post-thumbnail","hentry","category-lo-mas-leido","category-local","category-principal"],"jetpack_publicize_connections":[],"jetpack_sharing_enabled":true,"jetpack_featured_media_url":"https:\/\/i0.wp.com\/alcierrenoticias.com\/wp-content\/uploads\/2025\/10\/WhatsApp-Image-2025-10-01-at-3.28.07-PM.jpeg?fit=1600%2C1066&ssl=1","amp_enabled":true,"_links":{"self":[{"href":"https:\/\/alcierrenoticias.com\/index.php\/wp-json\/wp\/v2\/posts\/17916","targetHints":{"allow":["GET"]}}],"collection":[{"href":"https:\/\/alcierrenoticias.com\/index.php\/wp-json\/wp\/v2\/posts"}],"about":[{"href":"https:\/\/alcierrenoticias.com\/index.php\/wp-json\/wp\/v2\/types\/post"}],"author":[{"embeddable":true,"href":"https:\/\/alcierrenoticias.com\/index.php\/wp-json\/wp\/v2\/users\/2"}],"replies":[{"embeddable":true,"href":"https:\/\/alcierrenoticias.com\/index.php\/wp-json\/wp\/v2\/comments?post=17916"}],"version-history":[{"count":2,"href":"https:\/\/alcierrenoticias.com\/index.php\/wp-json\/wp\/v2\/posts\/17916\/revisions"}],"predecessor-version":[{"id":17919,"href":"https:\/\/alcierrenoticias.com\/index.php\/wp-json\/wp\/v2\/posts\/17916\/revisions\/17919"}],"wp:featuredmedia":[{"embeddable":true,"href":"https:\/\/alcierrenoticias.com\/index.php\/wp-json\/wp\/v2\/media\/17917"}],"wp:attachment":[{"href":"https:\/\/alcierrenoticias.com\/index.php\/wp-json\/wp\/v2\/media?parent=17916"}],"wp:term":[{"taxonomy":"category","embeddable":true,"href":"https:\/\/alcierrenoticias.com\/index.php\/wp-json\/wp\/v2\/categories?post=17916"},{"taxonomy":"post_tag","embeddable":true,"href":"https:\/\/alcierrenoticias.com\/index.php\/wp-json\/wp\/v2\/tags?post=17916"}],"curies":[{"name":"wp","href":"https:\/\/api.w.org\/{rel}","templated":true}]}}