{"id":17912,"date":"2025-10-01T13:35:19","date_gmt":"2025-10-01T19:35:19","guid":{"rendered":"https:\/\/alcierrenoticias.com\/?p=17912"},"modified":"2025-10-02T23:51:26","modified_gmt":"2025-10-03T05:51:26","slug":"respalda-alma-limas-a-jovenes-de-adaptando-estrellas-en-elaboracion-de-coronas-de-muerto","status":"publish","type":"post","link":"https:\/\/alcierrenoticias.com\/index.php\/2025\/10\/01\/respalda-alma-limas-a-jovenes-de-adaptando-estrellas-en-elaboracion-de-coronas-de-muerto\/","title":{"rendered":"Respalda Alma Limas a j\u00f3venes de Adaptando Estrellas en elaboraci\u00f3n de coronas de muerto."},"content":{"rendered":"<p>Con ilusi\u00f3n, creatividad y mucho coraz\u00f3n, los j\u00f3venes de Adaptando Estrellas trabajan en la elaboraci\u00f3n de coronas para el D\u00eda de Muertos, demostrando que las tradiciones tambi\u00e9n son un espacio de inclusi\u00f3n y superaci\u00f3n. Hasta el Centro Comunitario de Laderas del Norte acudi\u00f3 la presidenta del DIF Municipal, Alma Limas de Valenciano, para brindarles su respaldo y motivarlos a seguir adelante con este proyecto que les abre puertas al autoempleo y la independencia.<\/p>\n<p>Bajo la coordinaci\u00f3n de Pilar Casta\u00f1eda, titular de Grupos Vulnerables, los integrantes de Adaptando Estrellas elaboran coronas que pondr\u00e1n a la venta en el Pante\u00f3n Municipal de Delicias los d\u00edas 1 y 2 de noviembre, lo que representa una oportunidad de autoempleo y participaci\u00f3n activa en una de las tradiciones m\u00e1s significativas del pa\u00eds.<\/p>\n<p>Estos j\u00f3venes, que viven con discapacidades diversas como ceguera, sordera o s\u00edndrome de Down, han encontrado un espacio para aprender y trabajar juntos. Adem\u00e1s de los talleres de coronas, participan en la elaboraci\u00f3n de pi\u00f1atas, clases de canto y activaci\u00f3n f\u00edsica, actividades que fortalecen su inclusi\u00f3n y desarrollo personal.<\/p>\n<p>Destac\u00f3 que, gracias al impulso del presidente municipal Jes\u00fas Valenciano, se les ha brindado un lugar para aprender distintos oficios, lo cual ha favorecido su integraci\u00f3n y la creaci\u00f3n de oportunidades para salir adelante con su propio esfuerzo.<\/p>\n<p>Finalmente, la presidenta del DIF Alma Limas invit\u00f3 a la ciudadan\u00eda a apoyar a los j\u00f3venes de Adaptando Estrellas adquiriendo las coronas que estar\u00e1n a la venta en el pante\u00f3n, contribuyendo as\u00ed a impulsar su autoempleo y a reconocer el talento de este grupo que se ha convertido en un ejemplo de superaci\u00f3n e inclusi\u00f3n en Delicias.<\/p>\n","protected":false},"excerpt":{"rendered":"<p>Con ilusi\u00f3n, creatividad y mucho coraz\u00f3n, los j\u00f3venes de Adaptando Estrellas trabajan en la elaboraci\u00f3n de coronas para el D\u00eda de Muertos, demostrando que las tradiciones tambi\u00e9n son un espacio de inclusi\u00f3n y superaci\u00f3n. Hasta el Centro Comunitario de Laderas del Norte acudi\u00f3 la presidenta del DIF Municipal, Alma Limas de Valenciano, para brindarles su respaldo y motivarlos a seguir adelante con este proyecto que les abre puertas al autoempleo y la independencia. Bajo la coordinaci\u00f3n de Pilar Casta\u00f1eda, titular de Grupos Vulnerables, los integrantes de Adaptando Estrellas elaboran coronas que pondr\u00e1n a la venta en el Pante\u00f3n Municipal de Delicias los d\u00edas 1 y 2 de noviembre, lo que representa una oportunidad de autoempleo y participaci\u00f3n activa en una de las tradiciones m\u00e1s significativas del pa\u00eds. Estos j\u00f3venes, que viven con discapacidades diversas como ceguera, sordera o s\u00edndrome de Down, han encontrado un espacio para aprender y trabajar juntos. Adem\u00e1s de los talleres de coronas, participan en la elaboraci\u00f3n de pi\u00f1atas, clases de canto y activaci\u00f3n f\u00edsica, actividades que fortalecen su inclusi\u00f3n y desarrollo personal. Destac\u00f3 que, gracias al impulso del presidente municipal Jes\u00fas Valenciano, se les ha brindado un lugar para aprender distintos oficios, lo cual ha favorecido su integraci\u00f3n y la creaci\u00f3n de oportunidades para salir adelante con su propio esfuerzo. Finalmente, la presidenta del DIF Alma Limas invit\u00f3 a la ciudadan\u00eda a apoyar a los j\u00f3venes de Adaptando Estrellas adquiriendo las coronas que estar\u00e1n a la venta en el pante\u00f3n, contribuyendo as\u00ed a impulsar su autoempleo y a reconocer el talento de este grupo que se ha convertido en un ejemplo de superaci\u00f3n e inclusi\u00f3n en Delicias.<\/p>\n","protected":false},"author":2,"featured_media":17913,"comment_status":"open","ping_status":"open","sticky":false,"template":"","format":"standard","meta":{"_monsterinsights_skip_tracking":false,"_monsterinsights_sitenote_active":false,"_monsterinsights_sitenote_note":"","_monsterinsights_sitenote_category":0,"advanced_seo_description":"","jetpack_seo_html_title":"","jetpack_seo_noindex":false,"_jetpack_memberships_contains_paid_content":false,"footnotes":"","jetpack_publicize_message":"","jetpack_publicize_feature_enabled":true,"jetpack_social_post_already_shared":true,"jetpack_social_options":{"image_generator_settings":{"template":"highway","enabled":false},"version":2}},"categories":[135,7,11],"tags":[],"class_list":["post-17912","post","type-post","status-publish","format-standard","has-post-thumbnail","hentry","category-lo-mas-leido","category-local","category-principal"],"jetpack_publicize_connections":[],"jetpack_sharing_enabled":true,"jetpack_featured_media_url":"https:\/\/i0.wp.com\/alcierrenoticias.com\/wp-content\/uploads\/2025\/10\/WhatsApp-Image-2025-10-01-at-1.25.46-PM-scaled.jpeg?fit=2560%2C1440&ssl=1","amp_enabled":true,"_links":{"self":[{"href":"https:\/\/alcierrenoticias.com\/index.php\/wp-json\/wp\/v2\/posts\/17912","targetHints":{"allow":["GET"]}}],"collection":[{"href":"https:\/\/alcierrenoticias.com\/index.php\/wp-json\/wp\/v2\/posts"}],"about":[{"href":"https:\/\/alcierrenoticias.com\/index.php\/wp-json\/wp\/v2\/types\/post"}],"author":[{"embeddable":true,"href":"https:\/\/alcierrenoticias.com\/index.php\/wp-json\/wp\/v2\/users\/2"}],"replies":[{"embeddable":true,"href":"https:\/\/alcierrenoticias.com\/index.php\/wp-json\/wp\/v2\/comments?post=17912"}],"version-history":[{"count":2,"href":"https:\/\/alcierrenoticias.com\/index.php\/wp-json\/wp\/v2\/posts\/17912\/revisions"}],"predecessor-version":[{"id":17915,"href":"https:\/\/alcierrenoticias.com\/index.php\/wp-json\/wp\/v2\/posts\/17912\/revisions\/17915"}],"wp:featuredmedia":[{"embeddable":true,"href":"https:\/\/alcierrenoticias.com\/index.php\/wp-json\/wp\/v2\/media\/17913"}],"wp:attachment":[{"href":"https:\/\/alcierrenoticias.com\/index.php\/wp-json\/wp\/v2\/media?parent=17912"}],"wp:term":[{"taxonomy":"category","embeddable":true,"href":"https:\/\/alcierrenoticias.com\/index.php\/wp-json\/wp\/v2\/categories?post=17912"},{"taxonomy":"post_tag","embeddable":true,"href":"https:\/\/alcierrenoticias.com\/index.php\/wp-json\/wp\/v2\/tags?post=17912"}],"curies":[{"name":"wp","href":"https:\/\/api.w.org\/{rel}","templated":true}]}}