{"id":17891,"date":"2025-09-30T14:15:30","date_gmt":"2025-09-30T20:15:30","guid":{"rendered":"https:\/\/alcierrenoticias.com\/?p=17891"},"modified":"2025-10-02T19:19:02","modified_gmt":"2025-10-03T01:19:02","slug":"invitan-a-la-comunidad-a-participar-en-la-segunda-edicion-de-la-carrera-continental-en-delicias","status":"publish","type":"post","link":"https:\/\/alcierrenoticias.com\/index.php\/2025\/09\/30\/invitan-a-la-comunidad-a-participar-en-la-segunda-edicion-de-la-carrera-continental-en-delicias\/","title":{"rendered":"Invitan a la comunidad a participar en la segunda edici\u00f3n de la carrera Continental en Delicias."},"content":{"rendered":"<p>A trav\u00e9s de una rueda de prensa se hizo la invitaci\u00f3n oficial a la segunda edici\u00f3n de la carrera Continental, un evento deportivo y familiar que tendr\u00e1 lugar el pr\u00f3ximo 26 de octubre a las 9 de la ma\u00f1ana. La inscripci\u00f3n consistir\u00e1 en una despensa por corredor, esperando reunir alrededor de 600 aportaciones que ser\u00e1n entregadas a C\u00e1ritas del Santuario, C\u00e1ritas Cristo Rey, C\u00e1ritas San Juan Diego, C\u00e1ritas de San Mart\u00edn de Porras y C\u00e1ritas Meoqui.<\/p>\n<p>Los organizadores informaron que los interesados podr\u00e1n registrarse a trav\u00e9s de la p\u00e1gina de Facebook ContiRunningLay2025, donde se encuentran disponibles los detalles y el formato de preinscripci\u00f3n. Se entregar\u00e1n 600 kits para corredores, adem\u00e1s de 50 kits especiales para mascotas a quienes participen acompa\u00f1ados de ellas. Con esto, se busca fomentar la convivencia deportiva y al mismo tiempo apoyar a las familias que m\u00e1s lo necesitan.<\/p>\n<p>Miguel Aguirre, director del Instituto Municipal de Deporte y Juventud (Inmudej), agradeci\u00f3 el respaldo de autoridades, asociaciones civiles y Continental Delicias para la realizaci\u00f3n de este evento. Resalt\u00f3 que la carrera es reflejo del compromiso del presidente municipal con el deporte, la cultura y la educaci\u00f3n, pilares fundamentales para construir generaciones m\u00e1s fuertes y saludables.<\/p>\n<p>Por su parte, Javier S\u00e1nchez, gerente de Continental, subray\u00f3 que esta segunda edici\u00f3n busca fortalecer el impacto positivo de la empresa en la comunidad. Se\u00f1al\u00f3 que el evento representa una oportunidad para que los empleados contribuyan fuera de su entorno laboral, al tiempo que promueven la uni\u00f3n familiar y la pr\u00e1ctica deportiva. Reconoci\u00f3 adem\u00e1s el apoyo del Gobierno Municipal, CEMPRO y C\u00e1ritas en esta iniciativa.<\/p>\n","protected":false},"excerpt":{"rendered":"<p>A trav\u00e9s de una rueda de prensa se hizo la invitaci\u00f3n oficial a la segunda edici\u00f3n de la carrera Continental, un evento deportivo y familiar que tendr\u00e1 lugar el pr\u00f3ximo 26 de octubre a las 9 de la ma\u00f1ana. La inscripci\u00f3n consistir\u00e1 en una despensa por corredor, esperando reunir alrededor de 600 aportaciones que ser\u00e1n entregadas a C\u00e1ritas del Santuario, C\u00e1ritas Cristo Rey, C\u00e1ritas San Juan Diego, C\u00e1ritas de San Mart\u00edn de Porras y C\u00e1ritas Meoqui. Los organizadores informaron que los interesados podr\u00e1n registrarse a trav\u00e9s de la p\u00e1gina de Facebook ContiRunningLay2025, donde se encuentran disponibles los detalles y el formato de preinscripci\u00f3n. Se entregar\u00e1n 600 kits para corredores, adem\u00e1s de 50 kits especiales para mascotas a quienes participen acompa\u00f1ados de ellas. Con esto, se busca fomentar la convivencia deportiva y al mismo tiempo apoyar a las familias que m\u00e1s lo necesitan. Miguel Aguirre, director del Instituto Municipal de Deporte y Juventud (Inmudej), agradeci\u00f3 el respaldo de autoridades, asociaciones civiles y Continental Delicias para la realizaci\u00f3n de este evento. Resalt\u00f3 que la carrera es reflejo del compromiso del presidente municipal con el deporte, la cultura y la educaci\u00f3n, pilares fundamentales para construir generaciones m\u00e1s fuertes y saludables. Por su parte, Javier S\u00e1nchez, gerente de Continental, subray\u00f3 que esta segunda edici\u00f3n busca fortalecer el impacto positivo de la empresa en la comunidad. Se\u00f1al\u00f3 que el evento representa una oportunidad para que los empleados contribuyan fuera de su entorno laboral, al tiempo que promueven la uni\u00f3n familiar y la pr\u00e1ctica deportiva. Reconoci\u00f3 adem\u00e1s el apoyo del Gobierno Municipal, CEMPRO y C\u00e1ritas en esta iniciativa.<\/p>\n","protected":false},"author":2,"featured_media":17892,"comment_status":"open","ping_status":"open","sticky":false,"template":"","format":"standard","meta":{"_monsterinsights_skip_tracking":false,"_monsterinsights_sitenote_active":false,"_monsterinsights_sitenote_note":"","_monsterinsights_sitenote_category":0,"advanced_seo_description":"","jetpack_seo_html_title":"","jetpack_seo_noindex":false,"_jetpack_memberships_contains_paid_content":false,"footnotes":"","jetpack_publicize_message":"","jetpack_publicize_feature_enabled":true,"jetpack_social_post_already_shared":true,"jetpack_social_options":{"image_generator_settings":{"template":"highway","enabled":false},"version":2}},"categories":[135,7,11],"tags":[],"class_list":["post-17891","post","type-post","status-publish","format-standard","has-post-thumbnail","hentry","category-lo-mas-leido","category-local","category-principal"],"jetpack_publicize_connections":[],"jetpack_sharing_enabled":true,"jetpack_featured_media_url":"https:\/\/i0.wp.com\/alcierrenoticias.com\/wp-content\/uploads\/2025\/10\/WhatsApp-Image-2025-09-30-at-2.00.33-PM.jpeg?fit=1600%2C1066&ssl=1","amp_enabled":true,"_links":{"self":[{"href":"https:\/\/alcierrenoticias.com\/index.php\/wp-json\/wp\/v2\/posts\/17891","targetHints":{"allow":["GET"]}}],"collection":[{"href":"https:\/\/alcierrenoticias.com\/index.php\/wp-json\/wp\/v2\/posts"}],"about":[{"href":"https:\/\/alcierrenoticias.com\/index.php\/wp-json\/wp\/v2\/types\/post"}],"author":[{"embeddable":true,"href":"https:\/\/alcierrenoticias.com\/index.php\/wp-json\/wp\/v2\/users\/2"}],"replies":[{"embeddable":true,"href":"https:\/\/alcierrenoticias.com\/index.php\/wp-json\/wp\/v2\/comments?post=17891"}],"version-history":[{"count":2,"href":"https:\/\/alcierrenoticias.com\/index.php\/wp-json\/wp\/v2\/posts\/17891\/revisions"}],"predecessor-version":[{"id":17894,"href":"https:\/\/alcierrenoticias.com\/index.php\/wp-json\/wp\/v2\/posts\/17891\/revisions\/17894"}],"wp:featuredmedia":[{"embeddable":true,"href":"https:\/\/alcierrenoticias.com\/index.php\/wp-json\/wp\/v2\/media\/17892"}],"wp:attachment":[{"href":"https:\/\/alcierrenoticias.com\/index.php\/wp-json\/wp\/v2\/media?parent=17891"}],"wp:term":[{"taxonomy":"category","embeddable":true,"href":"https:\/\/alcierrenoticias.com\/index.php\/wp-json\/wp\/v2\/categories?post=17891"},{"taxonomy":"post_tag","embeddable":true,"href":"https:\/\/alcierrenoticias.com\/index.php\/wp-json\/wp\/v2\/tags?post=17891"}],"curies":[{"name":"wp","href":"https:\/\/api.w.org\/{rel}","templated":true}]}}