{"id":17879,"date":"2025-09-29T19:12:49","date_gmt":"2025-09-30T01:12:49","guid":{"rendered":"https:\/\/alcierrenoticias.com\/?p=17879"},"modified":"2025-09-29T22:16:34","modified_gmt":"2025-09-30T04:16:34","slug":"entregaran-este-miercoles-apoyos-alimentarios-en-meoqui-para-adultos-mayores-y-personas-con-discapacidad","status":"publish","type":"post","link":"https:\/\/alcierrenoticias.com\/index.php\/2025\/09\/29\/entregaran-este-miercoles-apoyos-alimentarios-en-meoqui-para-adultos-mayores-y-personas-con-discapacidad\/","title":{"rendered":"Entregar\u00e1n este mi\u00e9rcoles apoyos alimentarios en Meoqui para adultos mayores y personas con discapacidad."},"content":{"rendered":"<p>Gracias a las gestiones de la alcaldesa Miriam Soto ante Gobierno del Estado, los beneficiarios recibir\u00e1n su apoyo a partir de las 9 de la ma\u00f1ana en el DIF Municipal<\/p>\n<p>Este mi\u00e9rcoles 1 de octubre, se realizar\u00e1 en el DIF de Meoqui la entrega de apoyos alimentarios por parte de Gobierno del Estado, a trav\u00e9s de la Secretar\u00eda de Desarrollo Humano y Bien Com\u00fan, a las 9 de la ma\u00f1ana para adultos mayores y a las 11 de la ma\u00f1ana a personas con discapacidad, esto gracias a las gestiones de la alcaldesa Miriam Soto.<\/p>\n<p>Luis Valles, director del DIF Municipal, record\u00f3 que este programa se abre \u00fanicamente una vez al a\u00f1o y que los apoyos se entregan exclusivamente a quienes ya forman parte del padr\u00f3n de beneficiarios. \u201cEn comparaci\u00f3n con el a\u00f1o pasado tuvimos un aumento en el n\u00famero de beneficiarios, alcanzando las 800 despensas para 400 familias\u201d, se\u00f1al\u00f3.<\/p>\n<p>Asimismo, explic\u00f3 que las personas beneficiarias deber\u00e1n presentar \u00fanicamente una copia de su identificaci\u00f3n oficial con fotograf\u00eda. En el caso de quienes, por su condici\u00f3n, no puedan acudir personalmente, podr\u00e1n enviar a su tutor con una carta poder firmada y las copias de las credenciales correspondientes.<\/p>\n<p>\u201cSeguimos trabajando de la mano con Gobierno del Estado para llegar a quienes m\u00e1s lo necesitan\u201d, concluy\u00f3 Luis Valles al invitar a los beneficiarios a acudir puntualmente en el horario que les corresponde.<\/p>\n","protected":false},"excerpt":{"rendered":"<p>Gracias a las gestiones de la alcaldesa Miriam Soto ante Gobierno del Estado, los beneficiarios recibir\u00e1n su apoyo a partir de las 9 de la ma\u00f1ana en el DIF Municipal Este mi\u00e9rcoles 1 de octubre, se realizar\u00e1 en el DIF de Meoqui la entrega de apoyos alimentarios por parte de Gobierno del Estado, a trav\u00e9s de la Secretar\u00eda de Desarrollo Humano y Bien Com\u00fan, a las 9 de la ma\u00f1ana para adultos mayores y a las 11 de la ma\u00f1ana a personas con discapacidad, esto gracias a las gestiones de la alcaldesa Miriam Soto. Luis Valles, director del DIF Municipal, record\u00f3 que este programa se abre \u00fanicamente una vez al a\u00f1o y que los apoyos se entregan exclusivamente a quienes ya forman parte del padr\u00f3n de beneficiarios. \u201cEn comparaci\u00f3n con el a\u00f1o pasado tuvimos un aumento en el n\u00famero de beneficiarios, alcanzando las 800 despensas para 400 familias\u201d, se\u00f1al\u00f3. Asimismo, explic\u00f3 que las personas beneficiarias deber\u00e1n presentar \u00fanicamente una copia de su identificaci\u00f3n oficial con fotograf\u00eda. En el caso de quienes, por su condici\u00f3n, no puedan acudir personalmente, podr\u00e1n enviar a su tutor con una carta poder firmada y las copias de las credenciales correspondientes. \u201cSeguimos trabajando de la mano con Gobierno del Estado para llegar a quienes m\u00e1s lo necesitan\u201d, concluy\u00f3 Luis Valles al invitar a los beneficiarios a acudir puntualmente en el horario que les corresponde.<\/p>\n","protected":false},"author":2,"featured_media":17880,"comment_status":"open","ping_status":"open","sticky":false,"template":"","format":"standard","meta":{"_monsterinsights_skip_tracking":false,"_monsterinsights_sitenote_active":false,"_monsterinsights_sitenote_note":"","_monsterinsights_sitenote_category":0,"advanced_seo_description":"","jetpack_seo_html_title":"","jetpack_seo_noindex":false,"_jetpack_memberships_contains_paid_content":false,"footnotes":"","jetpack_publicize_message":"","jetpack_publicize_feature_enabled":true,"jetpack_social_post_already_shared":true,"jetpack_social_options":{"image_generator_settings":{"template":"highway","enabled":false},"version":2}},"categories":[135,7,11],"tags":[],"class_list":["post-17879","post","type-post","status-publish","format-standard","has-post-thumbnail","hentry","category-lo-mas-leido","category-local","category-principal"],"jetpack_publicize_connections":[],"jetpack_sharing_enabled":true,"jetpack_featured_media_url":"https:\/\/i0.wp.com\/alcierrenoticias.com\/wp-content\/uploads\/2025\/09\/WhatsApp-Image-2025-09-29-at-7.25.22-PM.jpeg?fit=1280%2C853&ssl=1","amp_enabled":true,"_links":{"self":[{"href":"https:\/\/alcierrenoticias.com\/index.php\/wp-json\/wp\/v2\/posts\/17879","targetHints":{"allow":["GET"]}}],"collection":[{"href":"https:\/\/alcierrenoticias.com\/index.php\/wp-json\/wp\/v2\/posts"}],"about":[{"href":"https:\/\/alcierrenoticias.com\/index.php\/wp-json\/wp\/v2\/types\/post"}],"author":[{"embeddable":true,"href":"https:\/\/alcierrenoticias.com\/index.php\/wp-json\/wp\/v2\/users\/2"}],"replies":[{"embeddable":true,"href":"https:\/\/alcierrenoticias.com\/index.php\/wp-json\/wp\/v2\/comments?post=17879"}],"version-history":[{"count":2,"href":"https:\/\/alcierrenoticias.com\/index.php\/wp-json\/wp\/v2\/posts\/17879\/revisions"}],"predecessor-version":[{"id":17882,"href":"https:\/\/alcierrenoticias.com\/index.php\/wp-json\/wp\/v2\/posts\/17879\/revisions\/17882"}],"wp:featuredmedia":[{"embeddable":true,"href":"https:\/\/alcierrenoticias.com\/index.php\/wp-json\/wp\/v2\/media\/17880"}],"wp:attachment":[{"href":"https:\/\/alcierrenoticias.com\/index.php\/wp-json\/wp\/v2\/media?parent=17879"}],"wp:term":[{"taxonomy":"category","embeddable":true,"href":"https:\/\/alcierrenoticias.com\/index.php\/wp-json\/wp\/v2\/categories?post=17879"},{"taxonomy":"post_tag","embeddable":true,"href":"https:\/\/alcierrenoticias.com\/index.php\/wp-json\/wp\/v2\/tags?post=17879"}],"curies":[{"name":"wp","href":"https:\/\/api.w.org\/{rel}","templated":true}]}}