{"id":17870,"date":"2025-09-29T14:35:27","date_gmt":"2025-09-29T20:35:27","guid":{"rendered":"https:\/\/alcierrenoticias.com\/?p=17870"},"modified":"2025-09-29T22:08:05","modified_gmt":"2025-09-30T04:08:05","slug":"invitan-a-productores-al-festival-de-la-cosecha-2025-en-delicias","status":"publish","type":"post","link":"https:\/\/alcierrenoticias.com\/index.php\/2025\/09\/29\/invitan-a-productores-al-festival-de-la-cosecha-2025-en-delicias\/","title":{"rendered":"Invitan a productores al Festival de la Cosecha 2025 en Delicias."},"content":{"rendered":"<p>A trav\u00e9s de una rueda de prensa se anunci\u00f3 la realizaci\u00f3n del Festival de la Cosecha 2025, en el que se hizo un llamado a los productores a sumarse y participar en esta importante celebraci\u00f3n del campo. El evento tendr\u00e1 lugar el pr\u00f3ximo 19 de octubre de 2025 en el Centro de Exposiciones de Delicias.<\/p>\n<p>El festival busca convertirse en un punto de encuentro para productores, autoridades y ciudadan\u00eda, promoviendo el desarrollo econ\u00f3mico y agropecuario de la regi\u00f3n. Durante la presentaci\u00f3n se destac\u00f3 la importancia de brindar un espacio donde se reconozca y difunda el esfuerzo de quienes trabajan la tierra y fortalecen la econom\u00eda local.<\/p>\n<p>Los organizadores informaron que los interesados en participar pueden comunicarse al n\u00famero telef\u00f3nico 614 126 0410, donde se estar\u00e1n recibiendo inscripciones y brindando detalles de la log\u00edstica del evento, o bien acudir a las instalaciones de IDEA ubicadas en Avenida 3a Oriente #205.<\/p>\n<p>La rueda de prensa fue encabezada por el director del Instituto de Desarrollo Econ\u00f3mico y Agropecuario de Delicias, Jorge Issa, acompa\u00f1ado de la regidora Silvia Rom\u00e1n y el titular del \u00e1rea Agropecuaria en IDEa, Salom\u00f3n Rodr\u00edguez, quienes resaltaron que el festival tambi\u00e9n pretende fortalecer la identidad agr\u00edcola de Delicias y la regi\u00f3n centro-sur de Chihuahua.<\/p>\n<p>Finalmente, se hizo un llamado a todos los productores a ser parte de esta gran fiesta que reconoce el esfuerzo de la cosecha, al tiempo que se fomenta la unidad y la proyecci\u00f3n de los productos locales hacia nuevos mercados.<\/p>\n","protected":false},"excerpt":{"rendered":"<p>A trav\u00e9s de una rueda de prensa se anunci\u00f3 la realizaci\u00f3n del Festival de la Cosecha 2025, en el que se hizo un llamado a los productores a sumarse y participar en esta importante celebraci\u00f3n del campo. El evento tendr\u00e1 lugar el pr\u00f3ximo 19 de octubre de 2025 en el Centro de Exposiciones de Delicias. El festival busca convertirse en un punto de encuentro para productores, autoridades y ciudadan\u00eda, promoviendo el desarrollo econ\u00f3mico y agropecuario de la regi\u00f3n. Durante la presentaci\u00f3n se destac\u00f3 la importancia de brindar un espacio donde se reconozca y difunda el esfuerzo de quienes trabajan la tierra y fortalecen la econom\u00eda local. Los organizadores informaron que los interesados en participar pueden comunicarse al n\u00famero telef\u00f3nico 614 126 0410, donde se estar\u00e1n recibiendo inscripciones y brindando detalles de la log\u00edstica del evento, o bien acudir a las instalaciones de IDEA ubicadas en Avenida 3a Oriente #205. La rueda de prensa fue encabezada por el director del Instituto de Desarrollo Econ\u00f3mico y Agropecuario de Delicias, Jorge Issa, acompa\u00f1ado de la regidora Silvia Rom\u00e1n y el titular del \u00e1rea Agropecuaria en IDEa, Salom\u00f3n Rodr\u00edguez, quienes resaltaron que el festival tambi\u00e9n pretende fortalecer la identidad agr\u00edcola de Delicias y la regi\u00f3n centro-sur de Chihuahua. Finalmente, se hizo un llamado a todos los productores a ser parte de esta gran fiesta que reconoce el esfuerzo de la cosecha, al tiempo que se fomenta la unidad y la proyecci\u00f3n de los productos locales hacia nuevos mercados.<\/p>\n","protected":false},"author":2,"featured_media":17871,"comment_status":"open","ping_status":"open","sticky":false,"template":"","format":"standard","meta":{"_monsterinsights_skip_tracking":false,"_monsterinsights_sitenote_active":false,"_monsterinsights_sitenote_note":"","_monsterinsights_sitenote_category":0,"advanced_seo_description":"","jetpack_seo_html_title":"","jetpack_seo_noindex":false,"_jetpack_memberships_contains_paid_content":false,"footnotes":"","jetpack_publicize_message":"","jetpack_publicize_feature_enabled":true,"jetpack_social_post_already_shared":true,"jetpack_social_options":{"image_generator_settings":{"template":"highway","enabled":false},"version":2}},"categories":[135,7,11],"tags":[],"class_list":["post-17870","post","type-post","status-publish","format-standard","has-post-thumbnail","hentry","category-lo-mas-leido","category-local","category-principal"],"jetpack_publicize_connections":[],"jetpack_sharing_enabled":true,"jetpack_featured_media_url":"https:\/\/i0.wp.com\/alcierrenoticias.com\/wp-content\/uploads\/2025\/09\/WhatsApp-Image-2025-09-29-at-2.22.22-PM.jpeg?fit=1600%2C1200&ssl=1","amp_enabled":true,"_links":{"self":[{"href":"https:\/\/alcierrenoticias.com\/index.php\/wp-json\/wp\/v2\/posts\/17870","targetHints":{"allow":["GET"]}}],"collection":[{"href":"https:\/\/alcierrenoticias.com\/index.php\/wp-json\/wp\/v2\/posts"}],"about":[{"href":"https:\/\/alcierrenoticias.com\/index.php\/wp-json\/wp\/v2\/types\/post"}],"author":[{"embeddable":true,"href":"https:\/\/alcierrenoticias.com\/index.php\/wp-json\/wp\/v2\/users\/2"}],"replies":[{"embeddable":true,"href":"https:\/\/alcierrenoticias.com\/index.php\/wp-json\/wp\/v2\/comments?post=17870"}],"version-history":[{"count":2,"href":"https:\/\/alcierrenoticias.com\/index.php\/wp-json\/wp\/v2\/posts\/17870\/revisions"}],"predecessor-version":[{"id":17873,"href":"https:\/\/alcierrenoticias.com\/index.php\/wp-json\/wp\/v2\/posts\/17870\/revisions\/17873"}],"wp:featuredmedia":[{"embeddable":true,"href":"https:\/\/alcierrenoticias.com\/index.php\/wp-json\/wp\/v2\/media\/17871"}],"wp:attachment":[{"href":"https:\/\/alcierrenoticias.com\/index.php\/wp-json\/wp\/v2\/media?parent=17870"}],"wp:term":[{"taxonomy":"category","embeddable":true,"href":"https:\/\/alcierrenoticias.com\/index.php\/wp-json\/wp\/v2\/categories?post=17870"},{"taxonomy":"post_tag","embeddable":true,"href":"https:\/\/alcierrenoticias.com\/index.php\/wp-json\/wp\/v2\/tags?post=17870"}],"curies":[{"name":"wp","href":"https:\/\/api.w.org\/{rel}","templated":true}]}}