{"id":17835,"date":"2025-09-27T11:45:49","date_gmt":"2025-09-27T17:45:49","guid":{"rendered":"https:\/\/alcierrenoticias.com\/?p=17835"},"modified":"2025-09-29T21:40:49","modified_gmt":"2025-09-30T03:40:49","slug":"concientizaran-en-meoqui-sobre-importancia-de-donacion-de-organos-con-la-3er-carrera-por-la-vida-este-domingo","status":"publish","type":"post","link":"https:\/\/alcierrenoticias.com\/index.php\/2025\/09\/27\/concientizaran-en-meoqui-sobre-importancia-de-donacion-de-organos-con-la-3er-carrera-por-la-vida-este-domingo\/","title":{"rendered":"Concientizar\u00e1n en Meoqui sobre importancia de donaci\u00f3n de \u00f3rganos con la 3er Carrera por la Vida este domingo."},"content":{"rendered":"<p>Dar\u00e1 inicio a las 8 de la ma\u00f1ana frente al Parque del DIF<\/p>\n<p>Con el objetivo de promover la importancia de la donaci\u00f3n de \u00f3rganos, este domingo 28 de septiembre se llevar\u00e1 a cabo la 3er edici\u00f3n de la Carrera por la Vida en Meoqui, la cual dar\u00e1 inicio a las 8 de la ma\u00f1ana frente al Parque del DIF y concluir\u00e1 en los portales de la Presidencia Municipal, donde se realizar\u00e1 la premiaci\u00f3n, la entrega de medallas y una galer\u00eda especial con testimonios de personas que han recibido un \u00f3rgano donado.<\/p>\n<p>\u201cEsta carrera se trata de promover, de hacer conciencia sobre la importancia de la donaci\u00f3n de \u00f3rganos, como por medio de ella podemos dar vida a otras personas cuando nosotros ya no los necesitemos\u201d, se\u00f1al\u00f3 Mar\u00eda del Refugio Silva Uranga, directora de la Instancia Municipal de Atenci\u00f3n a la Mujer quien, adem\u00e1s agradeci\u00f3 el respaldo de la alcaldesa Miriam Soto, as\u00ed como el trabajo en conjunto con el Consejo Municipal de Mujeres.<\/p>\n<p>Asimismo, destac\u00f3 que la participaci\u00f3n ha crecido en cada edici\u00f3n y esperan que este a\u00f1o el n\u00famero de corredores aumente, motivo por el cual decidieron concluir el recorrido en la presidencia municipal para dar mayor visibilidad al evento.<\/p>\n<p>Finalmente, reiter\u00f3 la invitaci\u00f3n a todas las familias meoquenses: \u201cLos esperamos este domingo a las 8 de la ma\u00f1ana para que se inscriban y reciban su playera frente al parquecito del DIF\u201d.<\/p>\n","protected":false},"excerpt":{"rendered":"<p>Dar\u00e1 inicio a las 8 de la ma\u00f1ana frente al Parque del DIF Con el objetivo de promover la importancia de la donaci\u00f3n de \u00f3rganos, este domingo 28 de septiembre se llevar\u00e1 a cabo la 3er edici\u00f3n de la Carrera por la Vida en Meoqui, la cual dar\u00e1 inicio a las 8 de la ma\u00f1ana frente al Parque del DIF y concluir\u00e1 en los portales de la Presidencia Municipal, donde se realizar\u00e1 la premiaci\u00f3n, la entrega de medallas y una galer\u00eda especial con testimonios de personas que han recibido un \u00f3rgano donado. \u201cEsta carrera se trata de promover, de hacer conciencia sobre la importancia de la donaci\u00f3n de \u00f3rganos, como por medio de ella podemos dar vida a otras personas cuando nosotros ya no los necesitemos\u201d, se\u00f1al\u00f3 Mar\u00eda del Refugio Silva Uranga, directora de la Instancia Municipal de Atenci\u00f3n a la Mujer quien, adem\u00e1s agradeci\u00f3 el respaldo de la alcaldesa Miriam Soto, as\u00ed como el trabajo en conjunto con el Consejo Municipal de Mujeres. Asimismo, destac\u00f3 que la participaci\u00f3n ha crecido en cada edici\u00f3n y esperan que este a\u00f1o el n\u00famero de corredores aumente, motivo por el cual decidieron concluir el recorrido en la presidencia municipal para dar mayor visibilidad al evento. Finalmente, reiter\u00f3 la invitaci\u00f3n a todas las familias meoquenses: \u201cLos esperamos este domingo a las 8 de la ma\u00f1ana para que se inscriban y reciban su playera frente al parquecito del DIF\u201d.<\/p>\n","protected":false},"author":2,"featured_media":17839,"comment_status":"open","ping_status":"open","sticky":false,"template":"","format":"standard","meta":{"_monsterinsights_skip_tracking":false,"_monsterinsights_sitenote_active":false,"_monsterinsights_sitenote_note":"","_monsterinsights_sitenote_category":0,"advanced_seo_description":"","jetpack_seo_html_title":"","jetpack_seo_noindex":false,"_jetpack_memberships_contains_paid_content":false,"footnotes":"","jetpack_publicize_message":"","jetpack_publicize_feature_enabled":true,"jetpack_social_post_already_shared":true,"jetpack_social_options":{"image_generator_settings":{"template":"highway","enabled":false},"version":2}},"categories":[135,7,11],"tags":[],"class_list":["post-17835","post","type-post","status-publish","format-standard","has-post-thumbnail","hentry","category-lo-mas-leido","category-local","category-principal"],"jetpack_publicize_connections":[],"jetpack_sharing_enabled":true,"jetpack_featured_media_url":"https:\/\/i0.wp.com\/alcierrenoticias.com\/wp-content\/uploads\/2025\/09\/WhatsApp-Image-2025-09-27-at-11.55.32-AM-1-e1759203642904.jpeg?fit=600%2C600&ssl=1","amp_enabled":true,"_links":{"self":[{"href":"https:\/\/alcierrenoticias.com\/index.php\/wp-json\/wp\/v2\/posts\/17835","targetHints":{"allow":["GET"]}}],"collection":[{"href":"https:\/\/alcierrenoticias.com\/index.php\/wp-json\/wp\/v2\/posts"}],"about":[{"href":"https:\/\/alcierrenoticias.com\/index.php\/wp-json\/wp\/v2\/types\/post"}],"author":[{"embeddable":true,"href":"https:\/\/alcierrenoticias.com\/index.php\/wp-json\/wp\/v2\/users\/2"}],"replies":[{"embeddable":true,"href":"https:\/\/alcierrenoticias.com\/index.php\/wp-json\/wp\/v2\/comments?post=17835"}],"version-history":[{"count":2,"href":"https:\/\/alcierrenoticias.com\/index.php\/wp-json\/wp\/v2\/posts\/17835\/revisions"}],"predecessor-version":[{"id":17840,"href":"https:\/\/alcierrenoticias.com\/index.php\/wp-json\/wp\/v2\/posts\/17835\/revisions\/17840"}],"wp:featuredmedia":[{"embeddable":true,"href":"https:\/\/alcierrenoticias.com\/index.php\/wp-json\/wp\/v2\/media\/17839"}],"wp:attachment":[{"href":"https:\/\/alcierrenoticias.com\/index.php\/wp-json\/wp\/v2\/media?parent=17835"}],"wp:term":[{"taxonomy":"category","embeddable":true,"href":"https:\/\/alcierrenoticias.com\/index.php\/wp-json\/wp\/v2\/categories?post=17835"},{"taxonomy":"post_tag","embeddable":true,"href":"https:\/\/alcierrenoticias.com\/index.php\/wp-json\/wp\/v2\/tags?post=17835"}],"curies":[{"name":"wp","href":"https:\/\/api.w.org\/{rel}","templated":true}]}}