{"id":17831,"date":"2025-09-27T10:20:08","date_gmt":"2025-09-27T16:20:08","guid":{"rendered":"https:\/\/alcierrenoticias.com\/?p=17831"},"modified":"2025-09-29T21:30:41","modified_gmt":"2025-09-30T03:30:41","slug":"gobierno-de-camargo-realiza-acciones-inmediatas-y-coordinadas-evalua-danos-y-brinda-apoyo-a-familias-tras-creciente-de-arroyos","status":"publish","type":"post","link":"https:\/\/alcierrenoticias.com\/index.php\/2025\/09\/27\/gobierno-de-camargo-realiza-acciones-inmediatas-y-coordinadas-evalua-danos-y-brinda-apoyo-a-familias-tras-creciente-de-arroyos\/","title":{"rendered":"Gobierno de Camargo realiza acciones inmediatas y coordinadas: eval\u00faa da\u00f1os y brinda apoyo a familias tras creciente de arroyos."},"content":{"rendered":"<p>El Presidente Municipal Jorge Aldana instruy\u00f3 a todas las \u00e1reas a auxiliar a las familias afectadas y a trabajar de manera coordinada para atender las necesidades inmediatas.<\/p>\n<p>Desde primeras horas de este s\u00e1bado 27 de septiembre, el Gobierno Municipal de Camargo, encabezado por el Presidente Jorge Aldana, inici\u00f3 un recorrido por las colonias afectadas por las lluvias y la creciente de arroyos registradas durante la madrugada, con el objetivo de evaluar los da\u00f1os y brindar apoyo inmediato a las familias.<\/p>\n<p>Personal de Seguridad P\u00fablica y Protecci\u00f3n Civil realizaron un diagn\u00f3stico casa por casa para identificar las afectaciones en las viviendas y determinar las necesidades m\u00e1s urgentes de la ciudadan\u00eda.<\/p>\n<p>\u201cHe instruido a todos los funcionarios municipales para que, de manera prioritaria, atiendan y auxilien a las familias que se vieron afectadas en los puntos de mayor flujo de agua. La solidaridad y la acci\u00f3n r\u00e1pida son nuestra principal directriz en esta situaci\u00f3n\u201d, declar\u00f3 el presidente muncipal.<\/p>\n<p>Como parte de las acciones de respuesta, la Direcci\u00f3n de Servicios Municipales despleg\u00f3 cuadrillas de trabajadores en las zonas impactadas para auxiliar en la limpieza de arroyos y en las viviendas que resultaron con alg\u00fan tipo de da\u00f1o, con el fin de restablecer las condiciones de habitabilidad y seguridad.<\/p>\n<p>El Gobierno Municipal de Camargo reafirma que act\u00faa de manera coordinada y est\u00e1 atendiendo con toda su capacidad operativa lo que las familias afectadas requieran.<\/p>\n<p>Ante el pron\u00f3stico de que este fin de semana contin\u00faen las lluvias, que podr\u00edan ser de fuertes a moderadas, el Gobierno Municipal hace un llamado a la ciudadan\u00eda a mantenerse alerta, evitar cruzar cauces de arroyos y r\u00edos, y reportar cualquier situaci\u00f3n de riesgo a las autoridades al n\u00famero de emergencias 911<\/p>\n","protected":false},"excerpt":{"rendered":"<p>El Presidente Municipal Jorge Aldana instruy\u00f3 a todas las \u00e1reas a auxiliar a las familias afectadas y a trabajar de manera coordinada para atender las necesidades inmediatas. Desde primeras horas de este s\u00e1bado 27 de septiembre, el Gobierno Municipal de Camargo, encabezado por el Presidente Jorge Aldana, inici\u00f3 un recorrido por las colonias afectadas por las lluvias y la creciente de arroyos registradas durante la madrugada, con el objetivo de evaluar los da\u00f1os y brindar apoyo inmediato a las familias. Personal de Seguridad P\u00fablica y Protecci\u00f3n Civil realizaron un diagn\u00f3stico casa por casa para identificar las afectaciones en las viviendas y determinar las necesidades m\u00e1s urgentes de la ciudadan\u00eda. \u201cHe instruido a todos los funcionarios municipales para que, de manera prioritaria, atiendan y auxilien a las familias que se vieron afectadas en los puntos de mayor flujo de agua. La solidaridad y la acci\u00f3n r\u00e1pida son nuestra principal directriz en esta situaci\u00f3n\u201d, declar\u00f3 el presidente muncipal. Como parte de las acciones de respuesta, la Direcci\u00f3n de Servicios Municipales despleg\u00f3 cuadrillas de trabajadores en las zonas impactadas para auxiliar en la limpieza de arroyos y en las viviendas que resultaron con alg\u00fan tipo de da\u00f1o, con el fin de restablecer las condiciones de habitabilidad y seguridad. El Gobierno Municipal de Camargo reafirma que act\u00faa de manera coordinada y est\u00e1 atendiendo con toda su capacidad operativa lo que las familias afectadas requieran. Ante el pron\u00f3stico de que este fin de semana contin\u00faen las lluvias, que podr\u00edan ser de fuertes a moderadas, el Gobierno Municipal hace un llamado a la ciudadan\u00eda a mantenerse alerta, evitar cruzar cauces de arroyos y r\u00edos, y reportar cualquier situaci\u00f3n de riesgo a las autoridades al n\u00famero de emergencias 911<\/p>\n","protected":false},"author":2,"featured_media":17832,"comment_status":"open","ping_status":"open","sticky":false,"template":"","format":"standard","meta":{"_monsterinsights_skip_tracking":false,"_monsterinsights_sitenote_active":false,"_monsterinsights_sitenote_note":"","_monsterinsights_sitenote_category":0,"advanced_seo_description":"","jetpack_seo_html_title":"","jetpack_seo_noindex":false,"_jetpack_memberships_contains_paid_content":false,"footnotes":"","jetpack_publicize_message":"","jetpack_publicize_feature_enabled":true,"jetpack_social_post_already_shared":true,"jetpack_social_options":{"image_generator_settings":{"template":"highway","enabled":false},"version":2}},"categories":[8,135,11],"tags":[],"class_list":["post-17831","post","type-post","status-publish","format-standard","has-post-thumbnail","hentry","category-estado","category-lo-mas-leido","category-principal"],"jetpack_publicize_connections":[],"jetpack_sharing_enabled":true,"jetpack_featured_media_url":"https:\/\/i0.wp.com\/alcierrenoticias.com\/wp-content\/uploads\/2025\/09\/WhatsApp-Image-2025-09-27-at-10.12.16-AM.jpeg?fit=1600%2C900&ssl=1","amp_enabled":true,"_links":{"self":[{"href":"https:\/\/alcierrenoticias.com\/index.php\/wp-json\/wp\/v2\/posts\/17831","targetHints":{"allow":["GET"]}}],"collection":[{"href":"https:\/\/alcierrenoticias.com\/index.php\/wp-json\/wp\/v2\/posts"}],"about":[{"href":"https:\/\/alcierrenoticias.com\/index.php\/wp-json\/wp\/v2\/types\/post"}],"author":[{"embeddable":true,"href":"https:\/\/alcierrenoticias.com\/index.php\/wp-json\/wp\/v2\/users\/2"}],"replies":[{"embeddable":true,"href":"https:\/\/alcierrenoticias.com\/index.php\/wp-json\/wp\/v2\/comments?post=17831"}],"version-history":[{"count":2,"href":"https:\/\/alcierrenoticias.com\/index.php\/wp-json\/wp\/v2\/posts\/17831\/revisions"}],"predecessor-version":[{"id":17834,"href":"https:\/\/alcierrenoticias.com\/index.php\/wp-json\/wp\/v2\/posts\/17831\/revisions\/17834"}],"wp:featuredmedia":[{"embeddable":true,"href":"https:\/\/alcierrenoticias.com\/index.php\/wp-json\/wp\/v2\/media\/17832"}],"wp:attachment":[{"href":"https:\/\/alcierrenoticias.com\/index.php\/wp-json\/wp\/v2\/media?parent=17831"}],"wp:term":[{"taxonomy":"category","embeddable":true,"href":"https:\/\/alcierrenoticias.com\/index.php\/wp-json\/wp\/v2\/categories?post=17831"},{"taxonomy":"post_tag","embeddable":true,"href":"https:\/\/alcierrenoticias.com\/index.php\/wp-json\/wp\/v2\/tags?post=17831"}],"curies":[{"name":"wp","href":"https:\/\/api.w.org\/{rel}","templated":true}]}}