{"id":17827,"date":"2025-09-26T18:15:53","date_gmt":"2025-09-27T00:15:53","guid":{"rendered":"https:\/\/alcierrenoticias.com\/?p=17827"},"modified":"2025-09-26T18:15:53","modified_gmt":"2025-09-27T00:15:53","slug":"promueven-en-delicias-educacion-preventiva-contra-la-trata-y-el-abuso-de-menores","status":"publish","type":"post","link":"https:\/\/alcierrenoticias.com\/index.php\/2025\/09\/26\/promueven-en-delicias-educacion-preventiva-contra-la-trata-y-el-abuso-de-menores\/","title":{"rendered":"Promueven en Delicias educaci\u00f3n preventiva contra la trata y el abuso de menores."},"content":{"rendered":"<p>En el marco del D\u00eda Internacional contra la Explotaci\u00f3n Sexual y el Tr\u00e1fico de Mujeres, Ni\u00f1as y Ni\u00f1os, el pasado 23 de septiembre, el Comit\u00e9 Municipal de Salud en coordinaci\u00f3n con el proyecto Prot\u00e9geme imparti\u00f3 pl\u00e1ticas dirigidas a padres de familia, empleados de la Presidencia Municipal y personal de guarder\u00edas. La coordinadora de Salud Municipal, Francisca Mercado \u00c1vila, explic\u00f3 que estas acciones buscan atender una problem\u00e1tica sensible pero real, que afecta principalmente a ni\u00f1as, ni\u00f1os y adolescentes.<\/p>\n<p>Las charlas fueron impartidas por la C.P. y M.A. F\u00e1tima Esparza, integrante de Prot\u00e9geme, una organizaci\u00f3n no gubernamental, laica y apartidista dedicada a la prevenci\u00f3n del abuso sexual infantil. Mercado \u00c1vila destac\u00f3 que la finalidad de este proyecto es clara: prevenir el abuso sexual a menores, la producci\u00f3n y consumo de pornograf\u00eda, as\u00ed como conductas riesgosas en internet, la violencia y la cosificaci\u00f3n de las personas.<\/p>\n<p>Durante las sesiones se subray\u00f3 la importancia de que madres y padres est\u00e9n atentos a lo que hacen sus hijos, lo que ven y lo que consumen en medios digitales. \u201cEs fundamental conectar con el coraz\u00f3n de nuestros hijos para hablarles con claridad, poner l\u00edmites desde el amor y no desde el grito o el rega\u00f1o, pero s\u00ed siendo firmes\u201d, puntualiz\u00f3 Mercado.<\/p>\n<p>La funcionaria se\u00f1al\u00f3 que la problem\u00e1tica se presenta con mayor fuerza en edades de quinto y sexto grado de primaria y secundaria, por lo que es urgente reforzar la educaci\u00f3n preventiva en estas etapas. En ese sentido, se busca llevar las pl\u00e1ticas directamente a las escuelas, no solo para orientar a los padres, sino tambi\u00e9n para concientizar a los propios estudiantes y brindarles herramientas que les permitan reconocer y denunciar riesgos a tiempo.<\/p>\n<p>Finalmente, asegur\u00f3 que este esfuerzo pretende formar adolescentes no solo exitosos, sino tambi\u00e9n conscientes de la realidad que los rodea. \u201cQueremos una juventud informada, que sepa lo que puede enfrentar y que tenga el respaldo de su familia, su escuela y sus autoridades para salir adelante. Solo as\u00ed podremos construir una comunidad m\u00e1s fuerte y segura para nuestras ni\u00f1as, ni\u00f1os y j\u00f3venes\u201d, concluy\u00f3.<\/p>\n","protected":false},"excerpt":{"rendered":"<p>En el marco del D\u00eda Internacional contra la Explotaci\u00f3n Sexual y el Tr\u00e1fico de Mujeres, Ni\u00f1as y Ni\u00f1os, el pasado 23 de septiembre, el Comit\u00e9 Municipal de Salud en coordinaci\u00f3n con el proyecto Prot\u00e9geme imparti\u00f3 pl\u00e1ticas dirigidas a padres de familia, empleados de la Presidencia Municipal y personal de guarder\u00edas. La coordinadora de Salud Municipal, Francisca Mercado \u00c1vila, explic\u00f3 que estas acciones buscan atender una problem\u00e1tica sensible pero real, que afecta principalmente a ni\u00f1as, ni\u00f1os y adolescentes. Las charlas fueron impartidas por la C.P. y M.A. F\u00e1tima Esparza, integrante de Prot\u00e9geme, una organizaci\u00f3n no gubernamental, laica y apartidista dedicada a la prevenci\u00f3n del abuso sexual infantil. Mercado \u00c1vila destac\u00f3 que la finalidad de este proyecto es clara: prevenir el abuso sexual a menores, la producci\u00f3n y consumo de pornograf\u00eda, as\u00ed como conductas riesgosas en internet, la violencia y la cosificaci\u00f3n de las personas. Durante las sesiones se subray\u00f3 la importancia de que madres y padres est\u00e9n atentos a lo que hacen sus hijos, lo que ven y lo que consumen en medios digitales. \u201cEs fundamental conectar con el coraz\u00f3n de nuestros hijos para hablarles con claridad, poner l\u00edmites desde el amor y no desde el grito o el rega\u00f1o, pero s\u00ed siendo firmes\u201d, puntualiz\u00f3 Mercado. La funcionaria se\u00f1al\u00f3 que la problem\u00e1tica se presenta con mayor fuerza en edades de quinto y sexto grado de primaria y secundaria, por lo que es urgente reforzar la educaci\u00f3n preventiva en estas etapas. En ese sentido, se busca llevar las pl\u00e1ticas directamente a las escuelas, no solo para orientar a los padres, sino tambi\u00e9n para concientizar a los propios estudiantes y brindarles herramientas que les permitan reconocer y denunciar riesgos a tiempo. Finalmente, asegur\u00f3 que este esfuerzo pretende formar adolescentes no solo exitosos, sino tambi\u00e9n conscientes de la realidad que los rodea. \u201cQueremos una juventud informada, que sepa lo que puede enfrentar y que tenga el respaldo de su familia, su escuela y sus autoridades para salir adelante. Solo as\u00ed podremos construir una comunidad m\u00e1s fuerte y segura para nuestras ni\u00f1as, ni\u00f1os y j\u00f3venes\u201d, concluy\u00f3.<\/p>\n","protected":false},"author":2,"featured_media":17828,"comment_status":"open","ping_status":"open","sticky":false,"template":"","format":"standard","meta":{"_monsterinsights_skip_tracking":false,"_monsterinsights_sitenote_active":false,"_monsterinsights_sitenote_note":"","_monsterinsights_sitenote_category":0,"advanced_seo_description":"","jetpack_seo_html_title":"","jetpack_seo_noindex":false,"_jetpack_memberships_contains_paid_content":false,"footnotes":"","jetpack_publicize_message":"","jetpack_publicize_feature_enabled":true,"jetpack_social_post_already_shared":true,"jetpack_social_options":{"image_generator_settings":{"template":"highway","enabled":false},"version":2}},"categories":[135,7,11],"tags":[],"class_list":["post-17827","post","type-post","status-publish","format-standard","has-post-thumbnail","hentry","category-lo-mas-leido","category-local","category-principal"],"jetpack_publicize_connections":[],"jetpack_sharing_enabled":true,"jetpack_featured_media_url":"https:\/\/i0.wp.com\/alcierrenoticias.com\/wp-content\/uploads\/2025\/09\/WhatsApp-Image-2025-09-26-at-4.41.16-PM-scaled.jpeg?fit=2560%2C1920&ssl=1","amp_enabled":true,"_links":{"self":[{"href":"https:\/\/alcierrenoticias.com\/index.php\/wp-json\/wp\/v2\/posts\/17827","targetHints":{"allow":["GET"]}}],"collection":[{"href":"https:\/\/alcierrenoticias.com\/index.php\/wp-json\/wp\/v2\/posts"}],"about":[{"href":"https:\/\/alcierrenoticias.com\/index.php\/wp-json\/wp\/v2\/types\/post"}],"author":[{"embeddable":true,"href":"https:\/\/alcierrenoticias.com\/index.php\/wp-json\/wp\/v2\/users\/2"}],"replies":[{"embeddable":true,"href":"https:\/\/alcierrenoticias.com\/index.php\/wp-json\/wp\/v2\/comments?post=17827"}],"version-history":[{"count":2,"href":"https:\/\/alcierrenoticias.com\/index.php\/wp-json\/wp\/v2\/posts\/17827\/revisions"}],"predecessor-version":[{"id":17830,"href":"https:\/\/alcierrenoticias.com\/index.php\/wp-json\/wp\/v2\/posts\/17827\/revisions\/17830"}],"wp:featuredmedia":[{"embeddable":true,"href":"https:\/\/alcierrenoticias.com\/index.php\/wp-json\/wp\/v2\/media\/17828"}],"wp:attachment":[{"href":"https:\/\/alcierrenoticias.com\/index.php\/wp-json\/wp\/v2\/media?parent=17827"}],"wp:term":[{"taxonomy":"category","embeddable":true,"href":"https:\/\/alcierrenoticias.com\/index.php\/wp-json\/wp\/v2\/categories?post=17827"},{"taxonomy":"post_tag","embeddable":true,"href":"https:\/\/alcierrenoticias.com\/index.php\/wp-json\/wp\/v2\/tags?post=17827"}],"curies":[{"name":"wp","href":"https:\/\/api.w.org\/{rel}","templated":true}]}}