{"id":17802,"date":"2025-09-25T19:43:49","date_gmt":"2025-09-26T01:43:49","guid":{"rendered":"https:\/\/alcierrenoticias.com\/?p=17802"},"modified":"2025-09-26T14:46:21","modified_gmt":"2025-09-26T20:46:21","slug":"gobierno-y-comerciantes-inician-proyecto-de-modernizacion-en-la-zona-centro-de-delicias","status":"publish","type":"post","link":"https:\/\/alcierrenoticias.com\/index.php\/2025\/09\/25\/gobierno-y-comerciantes-inician-proyecto-de-modernizacion-en-la-zona-centro-de-delicias\/","title":{"rendered":"Gobierno y comerciantes inician proyecto de modernizaci\u00f3n en la zona Centro de Delicias."},"content":{"rendered":"<p>Estacion\u00f3metros inici\u00f3 la rehabilitaci\u00f3n de la calle Cuarta<\/p>\n<p>Con el objetivo de mejorar la imagen urbana y ofrecer un espacio m\u00e1s seguro y atractivo para quienes acuden a realizar sus compras al centro de Delicias, se puso en marcha la rehabilitaci\u00f3n integral de la avenida Cuarta. Esta obra representa un esfuerzo conjunto entre el Gobierno Municipal de Delicias, a trav\u00e9s de Estacion\u00f3metros, y los comerciantes de la zona, marcando un precedente importante para el desarrollo econ\u00f3mico y social del municipio.<\/p>\n<p>El presidente de Estacion\u00f3metros, Mariano J\u00e1quez, inform\u00f3 que la inversi\u00f3n inicial asciende a cerca de 700 mil pesos, convirtiendo este proyecto en la intervenci\u00f3n m\u00e1s significativa en la zona comercial desde 2003. Asimismo, adelant\u00f3 que ya se proyecta un monto adicional de aproximadamente 2 millones 600 mil pesos para el pr\u00f3ximo a\u00f1o, lo que permitir\u00e1 consolidar la obra como un referente de modernizaci\u00f3n urbana en beneficio de miles de ciudadanos y visitantes.<\/p>\n<p>Las labores incluyen la ampliaci\u00f3n de banquetas, la creaci\u00f3n de un cruce peatonal bien definido, la instalaci\u00f3n de \u00e1rboles y bancas, as\u00ed como se\u00f1alamientos para personas con debilidad visual. Estas acciones no solo buscan embellecer la zona, sino tambi\u00e9n garantizar un tr\u00e1nsito m\u00e1s seguro para peatones y conductores, adem\u00e1s de ofrecer espacios de convivencia dignos y accesibles para toda la ciudadan\u00eda.<\/p>\n<p>El presidente municipal Jes\u00fas Valenciano Garc\u00eda, destac\u00f3 la importancia de mantener esta sinergia y convoc\u00f3 a los comerciantes a seguir colaborando para llevar estas mejoras a otras \u00e1reas del centro, siempre tomando en cuenta las sugerencias de la ciudadan\u00eda que d\u00eda a d\u00eda realiza sus compras en este sector.<\/p>\n<p>El representante de comerciantes y l\u00edder de ACUDE, Alejandro Noriega, se\u00f1al\u00f3 que estas acciones son una retribuci\u00f3n al ciudadano que deposita su moneda en los parqu\u00edmetros de la zona centro, agradeciendo tanto a Mariano J\u00e1quez como al alcalde Jes\u00fas Valenciano Garc\u00eda por el trabajo en conjunto con los comerciantes.<\/p>\n<p>La obra es resultado de los acuerdos establecidos entre autoridades municipales y comerciantes del centro, quienes reconocieron la necesidad de atender de manera integral la infraestructura del \u00e1rea. Con este proyecto, ambas partes reafirman su compromiso de trabajar en conjunto para responder a las demandas de la poblaci\u00f3n y generar un entorno m\u00e1s funcional y competitivo para el comercio local.<\/p>\n","protected":false},"excerpt":{"rendered":"<p>Estacion\u00f3metros inici\u00f3 la rehabilitaci\u00f3n de la calle Cuarta Con el objetivo de mejorar la imagen urbana y ofrecer un espacio m\u00e1s seguro y atractivo para quienes acuden a realizar sus compras al centro de Delicias, se puso en marcha la rehabilitaci\u00f3n integral de la avenida Cuarta. Esta obra representa un esfuerzo conjunto entre el Gobierno Municipal de Delicias, a trav\u00e9s de Estacion\u00f3metros, y los comerciantes de la zona, marcando un precedente importante para el desarrollo econ\u00f3mico y social del municipio. El presidente de Estacion\u00f3metros, Mariano J\u00e1quez, inform\u00f3 que la inversi\u00f3n inicial asciende a cerca de 700 mil pesos, convirtiendo este proyecto en la intervenci\u00f3n m\u00e1s significativa en la zona comercial desde 2003. Asimismo, adelant\u00f3 que ya se proyecta un monto adicional de aproximadamente 2 millones 600 mil pesos para el pr\u00f3ximo a\u00f1o, lo que permitir\u00e1 consolidar la obra como un referente de modernizaci\u00f3n urbana en beneficio de miles de ciudadanos y visitantes. Las labores incluyen la ampliaci\u00f3n de banquetas, la creaci\u00f3n de un cruce peatonal bien definido, la instalaci\u00f3n de \u00e1rboles y bancas, as\u00ed como se\u00f1alamientos para personas con debilidad visual. Estas acciones no solo buscan embellecer la zona, sino tambi\u00e9n garantizar un tr\u00e1nsito m\u00e1s seguro para peatones y conductores, adem\u00e1s de ofrecer espacios de convivencia dignos y accesibles para toda la ciudadan\u00eda. El presidente municipal Jes\u00fas Valenciano Garc\u00eda, destac\u00f3 la importancia de mantener esta sinergia y convoc\u00f3 a los comerciantes a seguir colaborando para llevar estas mejoras a otras \u00e1reas del centro, siempre tomando en cuenta las sugerencias de la ciudadan\u00eda que d\u00eda a d\u00eda realiza sus compras en este sector. El representante de comerciantes y l\u00edder de ACUDE, Alejandro Noriega, se\u00f1al\u00f3 que estas acciones son una retribuci\u00f3n al ciudadano que deposita su moneda en los parqu\u00edmetros de la zona centro, agradeciendo tanto a Mariano J\u00e1quez como al alcalde Jes\u00fas Valenciano Garc\u00eda por el trabajo en conjunto con los comerciantes. La obra es resultado de los acuerdos establecidos entre autoridades municipales y comerciantes del centro, quienes reconocieron la necesidad de atender de manera integral la infraestructura del \u00e1rea. Con este proyecto, ambas partes reafirman su compromiso de trabajar en conjunto para responder a las demandas de la poblaci\u00f3n y generar un entorno m\u00e1s funcional y competitivo para el comercio local.<\/p>\n","protected":false},"author":2,"featured_media":17803,"comment_status":"open","ping_status":"open","sticky":false,"template":"","format":"standard","meta":{"_monsterinsights_skip_tracking":false,"_monsterinsights_sitenote_active":false,"_monsterinsights_sitenote_note":"","_monsterinsights_sitenote_category":0,"advanced_seo_description":"","jetpack_seo_html_title":"","jetpack_seo_noindex":false,"_jetpack_memberships_contains_paid_content":false,"footnotes":"","jetpack_publicize_message":"","jetpack_publicize_feature_enabled":true,"jetpack_social_post_already_shared":true,"jetpack_social_options":{"image_generator_settings":{"template":"highway","enabled":false},"version":2}},"categories":[135,7,11],"tags":[],"class_list":["post-17802","post","type-post","status-publish","format-standard","has-post-thumbnail","hentry","category-lo-mas-leido","category-local","category-principal"],"jetpack_publicize_connections":[],"jetpack_sharing_enabled":true,"jetpack_featured_media_url":"https:\/\/i0.wp.com\/alcierrenoticias.com\/wp-content\/uploads\/2025\/09\/WhatsApp-Image-2025-09-25-at-10.13.01-PM-scaled.jpeg?fit=2560%2C1920&ssl=1","amp_enabled":true,"_links":{"self":[{"href":"https:\/\/alcierrenoticias.com\/index.php\/wp-json\/wp\/v2\/posts\/17802","targetHints":{"allow":["GET"]}}],"collection":[{"href":"https:\/\/alcierrenoticias.com\/index.php\/wp-json\/wp\/v2\/posts"}],"about":[{"href":"https:\/\/alcierrenoticias.com\/index.php\/wp-json\/wp\/v2\/types\/post"}],"author":[{"embeddable":true,"href":"https:\/\/alcierrenoticias.com\/index.php\/wp-json\/wp\/v2\/users\/2"}],"replies":[{"embeddable":true,"href":"https:\/\/alcierrenoticias.com\/index.php\/wp-json\/wp\/v2\/comments?post=17802"}],"version-history":[{"count":2,"href":"https:\/\/alcierrenoticias.com\/index.php\/wp-json\/wp\/v2\/posts\/17802\/revisions"}],"predecessor-version":[{"id":17805,"href":"https:\/\/alcierrenoticias.com\/index.php\/wp-json\/wp\/v2\/posts\/17802\/revisions\/17805"}],"wp:featuredmedia":[{"embeddable":true,"href":"https:\/\/alcierrenoticias.com\/index.php\/wp-json\/wp\/v2\/media\/17803"}],"wp:attachment":[{"href":"https:\/\/alcierrenoticias.com\/index.php\/wp-json\/wp\/v2\/media?parent=17802"}],"wp:term":[{"taxonomy":"category","embeddable":true,"href":"https:\/\/alcierrenoticias.com\/index.php\/wp-json\/wp\/v2\/categories?post=17802"},{"taxonomy":"post_tag","embeddable":true,"href":"https:\/\/alcierrenoticias.com\/index.php\/wp-json\/wp\/v2\/tags?post=17802"}],"curies":[{"name":"wp","href":"https:\/\/api.w.org\/{rel}","templated":true}]}}