{"id":17784,"date":"2025-09-24T18:24:44","date_gmt":"2025-09-25T00:24:44","guid":{"rendered":"https:\/\/alcierrenoticias.com\/?p=17784"},"modified":"2025-09-26T14:29:31","modified_gmt":"2025-09-26T20:29:31","slug":"fortalecen-la-coordinacion-entre-autoridades-militares-y-municipales-para-la-seguridad-de-camargo","status":"publish","type":"post","link":"https:\/\/alcierrenoticias.com\/index.php\/2025\/09\/24\/fortalecen-la-coordinacion-entre-autoridades-militares-y-municipales-para-la-seguridad-de-camargo\/","title":{"rendered":"Fortalecen la coordinaci\u00f3n entre autoridades militares y municipales para la seguridad de Camargo."},"content":{"rendered":"<p>El presidente municipal, Jorge Aldana, dio la bienvenida al Gral. de Gpo. P.A. E.M. Magdaleno Casta\u00f1\u00f3n Mu\u00f1oz, Comandante Interino de la Base A\u00e9rea Militar No. 11 en Santa Gertrudis, Chih., quien ofreci\u00f3 una valiosa conferencia sobre las funciones de los elementos del Ej\u00e9rcito Mexicano, la Fuerza A\u00e9rea y la Guardia Nacional.<\/p>\n<p>Durante el encuentro, el General Casta\u00f1\u00f3n Mu\u00f1oz destac\u00f3 la importancia de la coordinaci\u00f3n entre las diferentes fuerzas de seguridad y las autoridades municipales, cada una con roles y responsabilidades espec\u00edficas, pero trabajando de manera conjunta para fortalecer la seguridad p\u00fablica y nacional.<\/p>\n<p>El presidente Jorge Aldana refrend\u00f3 el compromiso del Gobierno Municipal de seguir colaborando estrechamente con las fuerzas armadas y de seguridad para la prevenci\u00f3n del delito, as\u00ed como para proteger la vida y los bienes de los habitantes de Camargo.<\/p>\n<p>Este acercamiento permite estrechar lazos de comunicaci\u00f3n y coordinaci\u00f3n entre autoridades, consolidando estrategias que garanticen un Camargo m\u00e1s seguro para todas las familias.<\/p>\n","protected":false},"excerpt":{"rendered":"<p>El presidente municipal, Jorge Aldana, dio la bienvenida al Gral. de Gpo. P.A. E.M. Magdaleno Casta\u00f1\u00f3n Mu\u00f1oz, Comandante Interino de la Base A\u00e9rea Militar No. 11 en Santa Gertrudis, Chih., quien ofreci\u00f3 una valiosa conferencia sobre las funciones de los elementos del Ej\u00e9rcito Mexicano, la Fuerza A\u00e9rea y la Guardia Nacional. Durante el encuentro, el General Casta\u00f1\u00f3n Mu\u00f1oz destac\u00f3 la importancia de la coordinaci\u00f3n entre las diferentes fuerzas de seguridad y las autoridades municipales, cada una con roles y responsabilidades espec\u00edficas, pero trabajando de manera conjunta para fortalecer la seguridad p\u00fablica y nacional. El presidente Jorge Aldana refrend\u00f3 el compromiso del Gobierno Municipal de seguir colaborando estrechamente con las fuerzas armadas y de seguridad para la prevenci\u00f3n del delito, as\u00ed como para proteger la vida y los bienes de los habitantes de Camargo. Este acercamiento permite estrechar lazos de comunicaci\u00f3n y coordinaci\u00f3n entre autoridades, consolidando estrategias que garanticen un Camargo m\u00e1s seguro para todas las familias.<\/p>\n","protected":false},"author":2,"featured_media":17785,"comment_status":"open","ping_status":"open","sticky":false,"template":"","format":"standard","meta":{"_monsterinsights_skip_tracking":false,"_monsterinsights_sitenote_active":false,"_monsterinsights_sitenote_note":"","_monsterinsights_sitenote_category":0,"advanced_seo_description":"","jetpack_seo_html_title":"","jetpack_seo_noindex":false,"_jetpack_memberships_contains_paid_content":false,"footnotes":"","jetpack_publicize_message":"","jetpack_publicize_feature_enabled":true,"jetpack_social_post_already_shared":true,"jetpack_social_options":{"image_generator_settings":{"template":"highway","enabled":false},"version":2}},"categories":[8,135,11],"tags":[],"class_list":["post-17784","post","type-post","status-publish","format-standard","has-post-thumbnail","hentry","category-estado","category-lo-mas-leido","category-principal"],"jetpack_publicize_connections":[],"jetpack_sharing_enabled":true,"jetpack_featured_media_url":"https:\/\/i0.wp.com\/alcierrenoticias.com\/wp-content\/uploads\/2025\/09\/WhatsApp-Image-2025-09-24-at-6.20.32-PM.jpeg?fit=1600%2C1066&ssl=1","amp_enabled":true,"_links":{"self":[{"href":"https:\/\/alcierrenoticias.com\/index.php\/wp-json\/wp\/v2\/posts\/17784","targetHints":{"allow":["GET"]}}],"collection":[{"href":"https:\/\/alcierrenoticias.com\/index.php\/wp-json\/wp\/v2\/posts"}],"about":[{"href":"https:\/\/alcierrenoticias.com\/index.php\/wp-json\/wp\/v2\/types\/post"}],"author":[{"embeddable":true,"href":"https:\/\/alcierrenoticias.com\/index.php\/wp-json\/wp\/v2\/users\/2"}],"replies":[{"embeddable":true,"href":"https:\/\/alcierrenoticias.com\/index.php\/wp-json\/wp\/v2\/comments?post=17784"}],"version-history":[{"count":2,"href":"https:\/\/alcierrenoticias.com\/index.php\/wp-json\/wp\/v2\/posts\/17784\/revisions"}],"predecessor-version":[{"id":17787,"href":"https:\/\/alcierrenoticias.com\/index.php\/wp-json\/wp\/v2\/posts\/17784\/revisions\/17787"}],"wp:featuredmedia":[{"embeddable":true,"href":"https:\/\/alcierrenoticias.com\/index.php\/wp-json\/wp\/v2\/media\/17785"}],"wp:attachment":[{"href":"https:\/\/alcierrenoticias.com\/index.php\/wp-json\/wp\/v2\/media?parent=17784"}],"wp:term":[{"taxonomy":"category","embeddable":true,"href":"https:\/\/alcierrenoticias.com\/index.php\/wp-json\/wp\/v2\/categories?post=17784"},{"taxonomy":"post_tag","embeddable":true,"href":"https:\/\/alcierrenoticias.com\/index.php\/wp-json\/wp\/v2\/tags?post=17784"}],"curies":[{"name":"wp","href":"https:\/\/api.w.org\/{rel}","templated":true}]}}