{"id":17759,"date":"2025-09-23T19:49:13","date_gmt":"2025-09-24T01:49:13","guid":{"rendered":"https:\/\/alcierrenoticias.com\/?p=17759"},"modified":"2025-09-24T12:53:28","modified_gmt":"2025-09-24T18:53:28","slug":"presentaran-gobierno-de-meoqui-y-uach-proyectos-de-la-leyenda-de-los-monitos-en-el-marco-del-38-aniversario","status":"publish","type":"post","link":"https:\/\/alcierrenoticias.com\/index.php\/2025\/09\/23\/presentaran-gobierno-de-meoqui-y-uach-proyectos-de-la-leyenda-de-los-monitos-en-el-marco-del-38-aniversario\/","title":{"rendered":"Presentar\u00e1n Gobierno de Meoqui y UACH proyectos de la \u201cLeyenda de Los Monitos\u201d en el marco del 38 aniversario."},"content":{"rendered":"<p>Fue realizado un documental, libro, audiolibro y desarrollar\u00e1n un panel con estudiantes de la Facultad de Filosof\u00eda y Letras en el mes de octubre.<\/p>\n<p>En el marco del 38 aniversario de la leyenda de los Monitos de Meoqui, el Gobierno Municipal con el apoyo y en coordinaci\u00f3n de la Facultad de Filosof\u00eda y Letras de la Universidad Aut\u00f3noma de Chihuahua, realizar\u00e1n la presentaci\u00f3n de diversos proyectos culturales que rescatan este suceso que marc\u00f3 la historia e identidad meoquense a trav\u00e9s de un documental, un audiolibro, as\u00ed como la publicaci\u00f3n de un libro y un panel con estudiantes.<\/p>\n<p>La alcaldesa Miriam Soto inform\u00f3 que se han venido desarrollando productos en conjunto con maestros y alumnos de las carreras de Periodismo, Historia y Letras Hispanoamericanas, los cuales ser\u00e1n presentados durante octubre: \u201cEs un trabajo de muchos meses y lo m\u00e1s importante es rescatar una leyenda que nos ha dejado marcados a todos los meoquenses, que nos distingue y fortalece nuestra identidad y que puso a Meoqui en los ojos del mundo\u201d.<\/p>\n<p>Por su parte, el Dr. Javier Contreras, director de la Facultad de Filosof\u00eda y Letras de la UACH, destac\u00f3 que estos proyectos incluyen testimonios in\u00e9ditos de personas que vivieron de cerca aquel acontecimiento en 1987, lo que permitir\u00e1 a la comunidad acceder a informaci\u00f3n nunca antes documentada: \u201cEl caso de los Monitos de Meoqui dio la vuelta al mundo, y m\u00e1s all\u00e1 de si se cree o no en la leyenda, forma parte importante de la historia local. Con estos productos buscamos promover la identidad y rescatar la memoria colectiva\u201d.<\/p>\n<p>La presentaci\u00f3n oficial se estima que este programada para el mes de octubre, en la que se llevar\u00e1 a cabo la semana de Los Monitos de Meoqui, con eventos programados en tierra meoquense como en Chihuahua capital, por lo que la alcaldesa Miriam Soto, pidi\u00f3 a la ciudadan\u00eda estar pendiente a los canales oficiales del Gobierno Municipal para m\u00e1s informaci\u00f3n.<\/p>\n","protected":false},"excerpt":{"rendered":"<p>Fue realizado un documental, libro, audiolibro y desarrollar\u00e1n un panel con estudiantes de la Facultad de Filosof\u00eda y Letras en el mes de octubre. En el marco del 38 aniversario de la leyenda de los Monitos de Meoqui, el Gobierno Municipal con el apoyo y en coordinaci\u00f3n de la Facultad de Filosof\u00eda y Letras de la Universidad Aut\u00f3noma de Chihuahua, realizar\u00e1n la presentaci\u00f3n de diversos proyectos culturales que rescatan este suceso que marc\u00f3 la historia e identidad meoquense a trav\u00e9s de un documental, un audiolibro, as\u00ed como la publicaci\u00f3n de un libro y un panel con estudiantes. La alcaldesa Miriam Soto inform\u00f3 que se han venido desarrollando productos en conjunto con maestros y alumnos de las carreras de Periodismo, Historia y Letras Hispanoamericanas, los cuales ser\u00e1n presentados durante octubre: \u201cEs un trabajo de muchos meses y lo m\u00e1s importante es rescatar una leyenda que nos ha dejado marcados a todos los meoquenses, que nos distingue y fortalece nuestra identidad y que puso a Meoqui en los ojos del mundo\u201d. Por su parte, el Dr. Javier Contreras, director de la Facultad de Filosof\u00eda y Letras de la UACH, destac\u00f3 que estos proyectos incluyen testimonios in\u00e9ditos de personas que vivieron de cerca aquel acontecimiento en 1987, lo que permitir\u00e1 a la comunidad acceder a informaci\u00f3n nunca antes documentada: \u201cEl caso de los Monitos de Meoqui dio la vuelta al mundo, y m\u00e1s all\u00e1 de si se cree o no en la leyenda, forma parte importante de la historia local. Con estos productos buscamos promover la identidad y rescatar la memoria colectiva\u201d. La presentaci\u00f3n oficial se estima que este programada para el mes de octubre, en la que se llevar\u00e1 a cabo la semana de Los Monitos de Meoqui, con eventos programados en tierra meoquense como en Chihuahua capital, por lo que la alcaldesa Miriam Soto, pidi\u00f3 a la ciudadan\u00eda estar pendiente a los canales oficiales del Gobierno Municipal para m\u00e1s informaci\u00f3n.<\/p>\n","protected":false},"author":2,"featured_media":17760,"comment_status":"open","ping_status":"open","sticky":false,"template":"","format":"standard","meta":{"_monsterinsights_skip_tracking":false,"_monsterinsights_sitenote_active":false,"_monsterinsights_sitenote_note":"","_monsterinsights_sitenote_category":0,"advanced_seo_description":"","jetpack_seo_html_title":"","jetpack_seo_noindex":false,"_jetpack_memberships_contains_paid_content":false,"footnotes":"","jetpack_publicize_message":"","jetpack_publicize_feature_enabled":true,"jetpack_social_post_already_shared":true,"jetpack_social_options":{"image_generator_settings":{"template":"highway","enabled":false},"version":2}},"categories":[135,7,11],"tags":[],"class_list":["post-17759","post","type-post","status-publish","format-standard","has-post-thumbnail","hentry","category-lo-mas-leido","category-local","category-principal"],"jetpack_publicize_connections":[],"jetpack_sharing_enabled":true,"jetpack_featured_media_url":"https:\/\/i0.wp.com\/alcierrenoticias.com\/wp-content\/uploads\/2025\/09\/WhatsApp-Image-2025-09-23-at-7.31.05-PM.jpeg?fit=1280%2C853&ssl=1","amp_enabled":true,"_links":{"self":[{"href":"https:\/\/alcierrenoticias.com\/index.php\/wp-json\/wp\/v2\/posts\/17759","targetHints":{"allow":["GET"]}}],"collection":[{"href":"https:\/\/alcierrenoticias.com\/index.php\/wp-json\/wp\/v2\/posts"}],"about":[{"href":"https:\/\/alcierrenoticias.com\/index.php\/wp-json\/wp\/v2\/types\/post"}],"author":[{"embeddable":true,"href":"https:\/\/alcierrenoticias.com\/index.php\/wp-json\/wp\/v2\/users\/2"}],"replies":[{"embeddable":true,"href":"https:\/\/alcierrenoticias.com\/index.php\/wp-json\/wp\/v2\/comments?post=17759"}],"version-history":[{"count":2,"href":"https:\/\/alcierrenoticias.com\/index.php\/wp-json\/wp\/v2\/posts\/17759\/revisions"}],"predecessor-version":[{"id":17762,"href":"https:\/\/alcierrenoticias.com\/index.php\/wp-json\/wp\/v2\/posts\/17759\/revisions\/17762"}],"wp:featuredmedia":[{"embeddable":true,"href":"https:\/\/alcierrenoticias.com\/index.php\/wp-json\/wp\/v2\/media\/17760"}],"wp:attachment":[{"href":"https:\/\/alcierrenoticias.com\/index.php\/wp-json\/wp\/v2\/media?parent=17759"}],"wp:term":[{"taxonomy":"category","embeddable":true,"href":"https:\/\/alcierrenoticias.com\/index.php\/wp-json\/wp\/v2\/categories?post=17759"},{"taxonomy":"post_tag","embeddable":true,"href":"https:\/\/alcierrenoticias.com\/index.php\/wp-json\/wp\/v2\/tags?post=17759"}],"curies":[{"name":"wp","href":"https:\/\/api.w.org\/{rel}","templated":true}]}}