{"id":17751,"date":"2025-09-23T15:57:07","date_gmt":"2025-09-23T21:57:07","guid":{"rendered":"https:\/\/alcierrenoticias.com\/?p=17751"},"modified":"2025-09-24T12:46:04","modified_gmt":"2025-09-24T18:46:04","slug":"convocan-al-28o-digal-en-delicias-epicentro-de-la-produccion-lechera-en-mexico","status":"publish","type":"post","link":"https:\/\/alcierrenoticias.com\/index.php\/2025\/09\/23\/convocan-al-28o-digal-en-delicias-epicentro-de-la-produccion-lechera-en-mexico\/","title":{"rendered":"Convocan al 28\u00ba DIGAL en Delicias, epicentro de la producci\u00f3n lechera en M\u00e9xico."},"content":{"rendered":"<p>Delicias se prepara para convertirse en el epicentro de la producci\u00f3n l\u00e1ctea con la llegada del 28\u00ba D\u00eda Internacional del Ganadero Lechero (DIGAL), un evento de talla internacional que reunir\u00e1 a productores, expertos, investigadores y familias enteras del 24 al 26 de septiembre en el Centro de Exposiciones con actividades de formaci\u00f3n, innovaci\u00f3n tecnol\u00f3gica, feria agr\u00edcola y espect\u00e1culos culturales estimando una derrama millonaria reafirmando a Delicias como un referente nacional en la industria ganadera.<\/p>\n<p>El presidente del DIGAL, \u00d3scar M\u00e1rquez, destac\u00f3 que el programa incluye conferencias, desayunos, comidas, actividades sociales y capacitaciones. Como parte de las actividades, el 23 de septiembre se impartir\u00e1 un curso sobre cirug\u00edas frecuentes en bovinos; el 24 se realizar\u00e1 una charla sobre el futuro de la producci\u00f3n de leche; mientras que el 25 se llevar\u00e1 a cabo una feria agr\u00edcola con demostraciones de ma\u00edz, agricultura inteligente y sistemas de riego. Finalmente, el 26 se cerrar\u00e1 con una pl\u00e1tica de selecci\u00f3n de ganado y un evento art\u00edstico con Manolo de los Rieleros.<\/p>\n<p>En su mensaje de bienvenida, el presidente municipal Jes\u00fas Valenciano Garc\u00eda resalt\u00f3 que el DIGAL representa una oportunidad de crecimiento y desarrollo econ\u00f3mico para la regi\u00f3n, estimando una derrama de entre 7 y 8 millones de pesos, as\u00ed como la expectativa de alcanzar ventas superiores a los 80 millones. Adem\u00e1s, subray\u00f3 la eficiencia y resiliencia de los productores lecheros de Chihuahua, quienes a pesar de las crisis hidroagr\u00edcolas, mantienen a la entidad como el cuarto lugar nacional en producci\u00f3n, aportando el 10% de la leche del pa\u00eds con m\u00e1s de 120 mil vacas en orde\u00f1a.<\/p>\n<p>En el evento se promover\u00e1 la capacitaci\u00f3n y el intercambio de experiencias y avances tecnol\u00f3gicos que fortalecen la competitividad del sector. Entre ellos, el uso de semen sexado, sistemas de detecci\u00f3n de celo y herramientas digitales para mejorar la salud del ganado. Con estas innovaciones, se impulsa la eficiencia y se asegura el futuro de una industria que genera m\u00e1s de 4 mil empleos directos en la regi\u00f3n.<\/p>\n<p>Asimismo, Roberto Valdez titular de Fomento Lechero de la secretar\u00eda de Desarrollo Rural, destac\u00f3 que esta zona es la cuenca lechera m\u00e1s importante del estado con una producci\u00f3n de m\u00e1s de 3.2 millones de litros diarios de los cuales dos son de esta zona.<\/p>\n<p>Finalmente, tanto los organizadores como las autoridades municipales y estatales hicieron un llamado a productores, acad\u00e9micos y p\u00fablico en general a participar en este<\/p>\n","protected":false},"excerpt":{"rendered":"<p>Delicias se prepara para convertirse en el epicentro de la producci\u00f3n l\u00e1ctea con la llegada del 28\u00ba D\u00eda Internacional del Ganadero Lechero (DIGAL), un evento de talla internacional que reunir\u00e1 a productores, expertos, investigadores y familias enteras del 24 al 26 de septiembre en el Centro de Exposiciones con actividades de formaci\u00f3n, innovaci\u00f3n tecnol\u00f3gica, feria agr\u00edcola y espect\u00e1culos culturales estimando una derrama millonaria reafirmando a Delicias como un referente nacional en la industria ganadera. El presidente del DIGAL, \u00d3scar M\u00e1rquez, destac\u00f3 que el programa incluye conferencias, desayunos, comidas, actividades sociales y capacitaciones. Como parte de las actividades, el 23 de septiembre se impartir\u00e1 un curso sobre cirug\u00edas frecuentes en bovinos; el 24 se realizar\u00e1 una charla sobre el futuro de la producci\u00f3n de leche; mientras que el 25 se llevar\u00e1 a cabo una feria agr\u00edcola con demostraciones de ma\u00edz, agricultura inteligente y sistemas de riego. Finalmente, el 26 se cerrar\u00e1 con una pl\u00e1tica de selecci\u00f3n de ganado y un evento art\u00edstico con Manolo de los Rieleros. En su mensaje de bienvenida, el presidente municipal Jes\u00fas Valenciano Garc\u00eda resalt\u00f3 que el DIGAL representa una oportunidad de crecimiento y desarrollo econ\u00f3mico para la regi\u00f3n, estimando una derrama de entre 7 y 8 millones de pesos, as\u00ed como la expectativa de alcanzar ventas superiores a los 80 millones. Adem\u00e1s, subray\u00f3 la eficiencia y resiliencia de los productores lecheros de Chihuahua, quienes a pesar de las crisis hidroagr\u00edcolas, mantienen a la entidad como el cuarto lugar nacional en producci\u00f3n, aportando el 10% de la leche del pa\u00eds con m\u00e1s de 120 mil vacas en orde\u00f1a. En el evento se promover\u00e1 la capacitaci\u00f3n y el intercambio de experiencias y avances tecnol\u00f3gicos que fortalecen la competitividad del sector. Entre ellos, el uso de semen sexado, sistemas de detecci\u00f3n de celo y herramientas digitales para mejorar la salud del ganado. Con estas innovaciones, se impulsa la eficiencia y se asegura el futuro de una industria que genera m\u00e1s de 4 mil empleos directos en la regi\u00f3n. Asimismo, Roberto Valdez titular de Fomento Lechero de la secretar\u00eda de Desarrollo Rural, destac\u00f3 que esta zona es la cuenca lechera m\u00e1s importante del estado con una producci\u00f3n de m\u00e1s de 3.2 millones de litros diarios de los cuales dos son de esta zona. Finalmente, tanto los organizadores como las autoridades municipales y estatales hicieron un llamado a productores, acad\u00e9micos y p\u00fablico en general a participar en este<\/p>\n","protected":false},"author":2,"featured_media":17752,"comment_status":"open","ping_status":"open","sticky":false,"template":"","format":"standard","meta":{"_monsterinsights_skip_tracking":false,"_monsterinsights_sitenote_active":false,"_monsterinsights_sitenote_note":"","_monsterinsights_sitenote_category":0,"advanced_seo_description":"","jetpack_seo_html_title":"","jetpack_seo_noindex":false,"_jetpack_memberships_contains_paid_content":false,"footnotes":"","jetpack_publicize_message":"","jetpack_publicize_feature_enabled":true,"jetpack_social_post_already_shared":true,"jetpack_social_options":{"image_generator_settings":{"template":"highway","enabled":false},"version":2}},"categories":[135,7,11],"tags":[],"class_list":["post-17751","post","type-post","status-publish","format-standard","has-post-thumbnail","hentry","category-lo-mas-leido","category-local","category-principal"],"jetpack_publicize_connections":[],"jetpack_sharing_enabled":true,"jetpack_featured_media_url":"https:\/\/i0.wp.com\/alcierrenoticias.com\/wp-content\/uploads\/2025\/09\/WhatsApp-Image-2025-09-23-at-3.46.31-PM-2.jpeg?fit=2560%2C1920&ssl=1","amp_enabled":true,"_links":{"self":[{"href":"https:\/\/alcierrenoticias.com\/index.php\/wp-json\/wp\/v2\/posts\/17751","targetHints":{"allow":["GET"]}}],"collection":[{"href":"https:\/\/alcierrenoticias.com\/index.php\/wp-json\/wp\/v2\/posts"}],"about":[{"href":"https:\/\/alcierrenoticias.com\/index.php\/wp-json\/wp\/v2\/types\/post"}],"author":[{"embeddable":true,"href":"https:\/\/alcierrenoticias.com\/index.php\/wp-json\/wp\/v2\/users\/2"}],"replies":[{"embeddable":true,"href":"https:\/\/alcierrenoticias.com\/index.php\/wp-json\/wp\/v2\/comments?post=17751"}],"version-history":[{"count":2,"href":"https:\/\/alcierrenoticias.com\/index.php\/wp-json\/wp\/v2\/posts\/17751\/revisions"}],"predecessor-version":[{"id":17754,"href":"https:\/\/alcierrenoticias.com\/index.php\/wp-json\/wp\/v2\/posts\/17751\/revisions\/17754"}],"wp:featuredmedia":[{"embeddable":true,"href":"https:\/\/alcierrenoticias.com\/index.php\/wp-json\/wp\/v2\/media\/17752"}],"wp:attachment":[{"href":"https:\/\/alcierrenoticias.com\/index.php\/wp-json\/wp\/v2\/media?parent=17751"}],"wp:term":[{"taxonomy":"category","embeddable":true,"href":"https:\/\/alcierrenoticias.com\/index.php\/wp-json\/wp\/v2\/categories?post=17751"},{"taxonomy":"post_tag","embeddable":true,"href":"https:\/\/alcierrenoticias.com\/index.php\/wp-json\/wp\/v2\/tags?post=17751"}],"curies":[{"name":"wp","href":"https:\/\/api.w.org\/{rel}","templated":true}]}}