{"id":17748,"date":"2025-09-23T15:55:52","date_gmt":"2025-09-23T21:55:52","guid":{"rendered":"https:\/\/alcierrenoticias.com\/?p=17748"},"modified":"2025-09-24T12:40:56","modified_gmt":"2025-09-24T18:40:56","slug":"fortalecen-en-delicias-la-esperanza-con-la-caravana-por-la-prevencion-del-suicidio","status":"publish","type":"post","link":"https:\/\/alcierrenoticias.com\/index.php\/2025\/09\/23\/fortalecen-en-delicias-la-esperanza-con-la-caravana-por-la-prevencion-del-suicidio\/","title":{"rendered":"Fortalecen en Delicias la esperanza con la \u201cCaravana por la Prevenci\u00f3n del Suicidio\u201d."},"content":{"rendered":"<p>Con un llamado a cuidar la vida y abrazar la esperanza, el presidente municipal Jes\u00fas Valenciano Garc\u00eda, encabez\u00f3 la \u201cCaravana por la Prevenci\u00f3n del Suicidio\u201d, organizada por la Secretar\u00eda de Salud y dirigida a estudiantes de la Escuela Secundaria Estatal 3014. La jornada busc\u00f3 abrir espacios de di\u00e1logo y reflexi\u00f3n entre los j\u00f3venes, para recordarles que pedir ayuda es un acto de valent\u00eda y que siempre existen alternativas frente a la tristeza, la ansiedad o la desesperanza.<\/p>\n<p>En el marco de esta iniciativa, el alcalde<br \/>\ndestac\u00f3 la labor del Gobierno Municipal de Delicias con la Red de Terapeutas, conformada por 23 psic\u00f3logos que brindan atenci\u00f3n las 24 horas del d\u00eda, los siete d\u00edas de la semana, en casos de riesgo suicida. Gracias a esta red, en el \u00faltimo a\u00f1o se ha logrado atender a 131 personas con pensamientos suicidas y a 18 pacientes canalizados al \u00e1rea psiqui\u00e1trica a trav\u00e9s del n\u00famero de emergencias 911.<\/p>\n<p>Adem\u00e1s, el municipio ha implementado medidas de acompa\u00f1amiento para los propios psic\u00f3logos que integran la red, con el fin de garantizar que se encuentren en condiciones \u00f3ptimas para atender a la ciudadan\u00eda. Paralelamente, se puso en marcha el taller de Primeros Auxilios Psicol\u00f3gicos dirigido a elementos de Seguridad P\u00fablica Municipal, ya que en muchos casos los polic\u00edas son los primeros en responder ante una crisis, por lo que su preparaci\u00f3n es fundamental para proteger la vida.<\/p>\n<p>En su intervenci\u00f3n, Javier Gonz\u00e1lez, director General del Instituto Chihuahuense de Salud Mental y Comisionado Estatal de Atenci\u00f3n a las Adicciones, se\u00f1al\u00f3 que las estad\u00edsticas de suicidio en Chihuahua, aunque siguen siendo preocupantes, han registrado una disminuci\u00f3n del 13% este a\u00f1o. Destac\u00f3 que las caravanas buscan generar conciencia en los j\u00f3venes sobre la importancia de pedir ayuda, entender que \u201cno est\u00e1 mal sentirse mal\u201d y atender a tiempo problemas como la depresi\u00f3n, la ansiedad y las adicciones, que son factores determinantes en este tema de salud p\u00fablica.<\/p>\n<p>Asimismo, subray\u00f3 que la salud mental de los adolescentes requiere de un esfuerzo conjunto entre gobierno, sector educativo, sociedad civil y padres de familia. Adem\u00e1s, se recalc\u00f3 la importancia de escuchar y atender las emociones de los j\u00f3venes, quienes muchas veces enfrentan cambios hormonales y dificultades emocionales que no saben c\u00f3mo expresar.<\/p>\n","protected":false},"excerpt":{"rendered":"<p>Con un llamado a cuidar la vida y abrazar la esperanza, el presidente municipal Jes\u00fas Valenciano Garc\u00eda, encabez\u00f3 la \u201cCaravana por la Prevenci\u00f3n del Suicidio\u201d, organizada por la Secretar\u00eda de Salud y dirigida a estudiantes de la Escuela Secundaria Estatal 3014. La jornada busc\u00f3 abrir espacios de di\u00e1logo y reflexi\u00f3n entre los j\u00f3venes, para recordarles que pedir ayuda es un acto de valent\u00eda y que siempre existen alternativas frente a la tristeza, la ansiedad o la desesperanza. En el marco de esta iniciativa, el alcalde destac\u00f3 la labor del Gobierno Municipal de Delicias con la Red de Terapeutas, conformada por 23 psic\u00f3logos que brindan atenci\u00f3n las 24 horas del d\u00eda, los siete d\u00edas de la semana, en casos de riesgo suicida. Gracias a esta red, en el \u00faltimo a\u00f1o se ha logrado atender a 131 personas con pensamientos suicidas y a 18 pacientes canalizados al \u00e1rea psiqui\u00e1trica a trav\u00e9s del n\u00famero de emergencias 911. Adem\u00e1s, el municipio ha implementado medidas de acompa\u00f1amiento para los propios psic\u00f3logos que integran la red, con el fin de garantizar que se encuentren en condiciones \u00f3ptimas para atender a la ciudadan\u00eda. Paralelamente, se puso en marcha el taller de Primeros Auxilios Psicol\u00f3gicos dirigido a elementos de Seguridad P\u00fablica Municipal, ya que en muchos casos los polic\u00edas son los primeros en responder ante una crisis, por lo que su preparaci\u00f3n es fundamental para proteger la vida. En su intervenci\u00f3n, Javier Gonz\u00e1lez, director General del Instituto Chihuahuense de Salud Mental y Comisionado Estatal de Atenci\u00f3n a las Adicciones, se\u00f1al\u00f3 que las estad\u00edsticas de suicidio en Chihuahua, aunque siguen siendo preocupantes, han registrado una disminuci\u00f3n del 13% este a\u00f1o. Destac\u00f3 que las caravanas buscan generar conciencia en los j\u00f3venes sobre la importancia de pedir ayuda, entender que \u201cno est\u00e1 mal sentirse mal\u201d y atender a tiempo problemas como la depresi\u00f3n, la ansiedad y las adicciones, que son factores determinantes en este tema de salud p\u00fablica. Asimismo, subray\u00f3 que la salud mental de los adolescentes requiere de un esfuerzo conjunto entre gobierno, sector educativo, sociedad civil y padres de familia. Adem\u00e1s, se recalc\u00f3 la importancia de escuchar y atender las emociones de los j\u00f3venes, quienes muchas veces enfrentan cambios hormonales y dificultades emocionales que no saben c\u00f3mo expresar.<\/p>\n","protected":false},"author":2,"featured_media":17749,"comment_status":"open","ping_status":"open","sticky":false,"template":"","format":"standard","meta":{"_monsterinsights_skip_tracking":false,"_monsterinsights_sitenote_active":false,"_monsterinsights_sitenote_note":"","_monsterinsights_sitenote_category":0,"advanced_seo_description":"","jetpack_seo_html_title":"","jetpack_seo_noindex":false,"_jetpack_memberships_contains_paid_content":false,"footnotes":"","jetpack_publicize_message":"","jetpack_publicize_feature_enabled":true,"jetpack_social_post_already_shared":true,"jetpack_social_options":{"image_generator_settings":{"template":"highway","enabled":false},"version":2}},"categories":[135,7,11],"tags":[],"class_list":["post-17748","post","type-post","status-publish","format-standard","has-post-thumbnail","hentry","category-lo-mas-leido","category-local","category-principal"],"jetpack_publicize_connections":[],"jetpack_sharing_enabled":true,"jetpack_featured_media_url":"https:\/\/i0.wp.com\/alcierrenoticias.com\/wp-content\/uploads\/2025\/09\/WhatsApp-Image-2025-09-23-at-3.46.31-PM-1.jpeg?fit=1600%2C1066&ssl=1","amp_enabled":true,"_links":{"self":[{"href":"https:\/\/alcierrenoticias.com\/index.php\/wp-json\/wp\/v2\/posts\/17748","targetHints":{"allow":["GET"]}}],"collection":[{"href":"https:\/\/alcierrenoticias.com\/index.php\/wp-json\/wp\/v2\/posts"}],"about":[{"href":"https:\/\/alcierrenoticias.com\/index.php\/wp-json\/wp\/v2\/types\/post"}],"author":[{"embeddable":true,"href":"https:\/\/alcierrenoticias.com\/index.php\/wp-json\/wp\/v2\/users\/2"}],"replies":[{"embeddable":true,"href":"https:\/\/alcierrenoticias.com\/index.php\/wp-json\/wp\/v2\/comments?post=17748"}],"version-history":[{"count":1,"href":"https:\/\/alcierrenoticias.com\/index.php\/wp-json\/wp\/v2\/posts\/17748\/revisions"}],"predecessor-version":[{"id":17750,"href":"https:\/\/alcierrenoticias.com\/index.php\/wp-json\/wp\/v2\/posts\/17748\/revisions\/17750"}],"wp:featuredmedia":[{"embeddable":true,"href":"https:\/\/alcierrenoticias.com\/index.php\/wp-json\/wp\/v2\/media\/17749"}],"wp:attachment":[{"href":"https:\/\/alcierrenoticias.com\/index.php\/wp-json\/wp\/v2\/media?parent=17748"}],"wp:term":[{"taxonomy":"category","embeddable":true,"href":"https:\/\/alcierrenoticias.com\/index.php\/wp-json\/wp\/v2\/categories?post=17748"},{"taxonomy":"post_tag","embeddable":true,"href":"https:\/\/alcierrenoticias.com\/index.php\/wp-json\/wp\/v2\/tags?post=17748"}],"curies":[{"name":"wp","href":"https:\/\/api.w.org\/{rel}","templated":true}]}}