{"id":17744,"date":"2025-09-23T13:45:01","date_gmt":"2025-09-23T19:45:01","guid":{"rendered":"https:\/\/alcierrenoticias.com\/?p=17744"},"modified":"2025-09-24T12:38:32","modified_gmt":"2025-09-24T18:38:32","slug":"reprograman-arranque-de-la-cancha-de-tochito-en-el-parque-san-sebastian-para-este-miercoles-a-las-600-pm","status":"publish","type":"post","link":"https:\/\/alcierrenoticias.com\/index.php\/2025\/09\/23\/reprograman-arranque-de-la-cancha-de-tochito-en-el-parque-san-sebastian-para-este-miercoles-a-las-600-pm\/","title":{"rendered":"Reprograman arranque de la cancha de tochito en el Parque San Sebasti\u00e1n para este mi\u00e9rcoles a las 6:00 pm."},"content":{"rendered":"<p>El Gobierno Municipal invita a la ciudadan\u00eda a ser parte de este inicio que dar\u00e1 m\u00e1s impulso al deporte en Camargo.<\/p>\n<p>El Gobierno Municipal de Camargo informa que el arranque de la cancha de tochito en el Parque San Sebasti\u00e1n se reprogram\u00f3 para este mi\u00e9rcoles 24 de septiembre a las 6:00 pm.<\/p>\n<p>Este proyecto forma parte del Presupuesto Participativo 2025 y tiene como objetivo ampliar las oportunidades de recreaci\u00f3n y fomentar la pr\u00e1ctica deportiva en un espacio digno y accesible para todas las edades.<\/p>\n<p>La construcci\u00f3n de esta cancha ser\u00e1 un punto de encuentro para ni\u00f1os, j\u00f3venes y familias, impulsando la actividad f\u00edsica, la sana convivencia y el desarrollo de talentos locales.<\/p>\n","protected":false},"excerpt":{"rendered":"<p>El Gobierno Municipal invita a la ciudadan\u00eda a ser parte de este inicio que dar\u00e1 m\u00e1s impulso al deporte en Camargo. El Gobierno Municipal de Camargo informa que el arranque de la cancha de tochito en el Parque San Sebasti\u00e1n se reprogram\u00f3 para este mi\u00e9rcoles 24 de septiembre a las 6:00 pm. Este proyecto forma parte del Presupuesto Participativo 2025 y tiene como objetivo ampliar las oportunidades de recreaci\u00f3n y fomentar la pr\u00e1ctica deportiva en un espacio digno y accesible para todas las edades. La construcci\u00f3n de esta cancha ser\u00e1 un punto de encuentro para ni\u00f1os, j\u00f3venes y familias, impulsando la actividad f\u00edsica, la sana convivencia y el desarrollo de talentos locales.<\/p>\n","protected":false},"author":2,"featured_media":17745,"comment_status":"open","ping_status":"open","sticky":false,"template":"","format":"standard","meta":{"_monsterinsights_skip_tracking":false,"_monsterinsights_sitenote_active":false,"_monsterinsights_sitenote_note":"","_monsterinsights_sitenote_category":0,"advanced_seo_description":"","jetpack_seo_html_title":"","jetpack_seo_noindex":false,"_jetpack_memberships_contains_paid_content":false,"footnotes":"","jetpack_publicize_message":"","jetpack_publicize_feature_enabled":true,"jetpack_social_post_already_shared":true,"jetpack_social_options":{"image_generator_settings":{"template":"highway","enabled":false},"version":2}},"categories":[135,7,11],"tags":[],"class_list":["post-17744","post","type-post","status-publish","format-standard","has-post-thumbnail","hentry","category-lo-mas-leido","category-local","category-principal"],"jetpack_publicize_connections":[],"jetpack_sharing_enabled":true,"jetpack_featured_media_url":"https:\/\/i0.wp.com\/alcierrenoticias.com\/wp-content\/uploads\/2025\/09\/WhatsApp-Image-2025-09-23-at-1.38.08-PM-e1758739108175.jpeg?fit=400%2C500&ssl=1","amp_enabled":true,"_links":{"self":[{"href":"https:\/\/alcierrenoticias.com\/index.php\/wp-json\/wp\/v2\/posts\/17744","targetHints":{"allow":["GET"]}}],"collection":[{"href":"https:\/\/alcierrenoticias.com\/index.php\/wp-json\/wp\/v2\/posts"}],"about":[{"href":"https:\/\/alcierrenoticias.com\/index.php\/wp-json\/wp\/v2\/types\/post"}],"author":[{"embeddable":true,"href":"https:\/\/alcierrenoticias.com\/index.php\/wp-json\/wp\/v2\/users\/2"}],"replies":[{"embeddable":true,"href":"https:\/\/alcierrenoticias.com\/index.php\/wp-json\/wp\/v2\/comments?post=17744"}],"version-history":[{"count":1,"href":"https:\/\/alcierrenoticias.com\/index.php\/wp-json\/wp\/v2\/posts\/17744\/revisions"}],"predecessor-version":[{"id":17746,"href":"https:\/\/alcierrenoticias.com\/index.php\/wp-json\/wp\/v2\/posts\/17744\/revisions\/17746"}],"wp:featuredmedia":[{"embeddable":true,"href":"https:\/\/alcierrenoticias.com\/index.php\/wp-json\/wp\/v2\/media\/17745"}],"wp:attachment":[{"href":"https:\/\/alcierrenoticias.com\/index.php\/wp-json\/wp\/v2\/media?parent=17744"}],"wp:term":[{"taxonomy":"category","embeddable":true,"href":"https:\/\/alcierrenoticias.com\/index.php\/wp-json\/wp\/v2\/categories?post=17744"},{"taxonomy":"post_tag","embeddable":true,"href":"https:\/\/alcierrenoticias.com\/index.php\/wp-json\/wp\/v2\/tags?post=17744"}],"curies":[{"name":"wp","href":"https:\/\/api.w.org\/{rel}","templated":true}]}}