{"id":17740,"date":"2025-09-23T08:59:49","date_gmt":"2025-09-23T14:59:49","guid":{"rendered":"https:\/\/alcierrenoticias.com\/?p=17740"},"modified":"2025-09-23T13:01:31","modified_gmt":"2025-09-23T19:01:31","slug":"jesus-valenciano-refrenda-apoyo-al-tecnologico-de-delicias-en-su-aniversario-39","status":"publish","type":"post","link":"https:\/\/alcierrenoticias.com\/index.php\/2025\/09\/23\/jesus-valenciano-refrenda-apoyo-al-tecnologico-de-delicias-en-su-aniversario-39\/","title":{"rendered":"Jes\u00fas Valenciano refrenda apoyo al Tecnol\u00f3gico de Delicias en su aniversario 39."},"content":{"rendered":"<p>El Instituto Tecnol\u00f3gico de Delicias conmemor\u00f3 su 39 aniversario con una ceremonia en la que se entregaron reconocimientos a maestras, maestros y personal administrativo por sus a\u00f1os de servicio, en un evento que resalt\u00f3 la importancia de esta instituci\u00f3n como formadora de profesionistas y motor del desarrollo regional. La celebraci\u00f3n fue encabezada por el presidente municipal Jes\u00fas Valenciano Garc\u00eda.<\/p>\n<p>Durante su mensaje, el alcalde quien estuvo a acompa\u00f1ando a la directora del plantel Lilian Santiesteban, subray\u00f3 que el Tecnol\u00f3gico ha contribuido en sectores clave como la industria del mueble, la producci\u00f3n lechera y la agroindustria, donde egresados se desempe\u00f1an como empresarios, l\u00edderes de compa\u00f1\u00edas y parte de la fuerza laboral m\u00e1s importante del estado. \u201cEl Tecnol\u00f3gico de Delicias juega un papel preponderante para el crecimiento econ\u00f3mico de nuestra regi\u00f3n y para la competitividad de Chihuahua\u201d, afirm\u00f3.<\/p>\n<p>Resalt\u00f3 el desaf\u00edo que enfrentan los j\u00f3venes ante un mundo cada vez m\u00e1s acelerado por el uso de la inteligencia artificial, que redefine las profesiones y los mercados laborales. Invit\u00f3 a las y los estudiantes a involucrarse activamente en estas nuevas herramientas para responder a la competencia global.<\/p>\n<p>En el marco del evento, el alcalde reconoci\u00f3 a quienes cumplieron a\u00f1os de servicio, subrayando que su labor ha marcado generaciones y consolidado al Tecnol\u00f3gico como un semillero de l\u00edderes. \u201cHoy m\u00e1s que nunca necesitamos de su compromiso y de una curr\u00edcula acad\u00e9mica que se adapte al cambio tecnol\u00f3gico y econ\u00f3mico que vivimos\u201d, dijo Valenciano al dirigirse al personal homenajeado.<\/p>\n<p>Finalmente, el presidente municipal refrend\u00f3 su compromiso como aliado permanente de la instituci\u00f3n que lo form\u00f3, destacando que el Tecnol\u00f3gico seguir\u00e1 siendo clave para mantener a Delicias como un referente econ\u00f3mico y de calidad de vida en el pa\u00eds. \u201cEste aniversario nos recuerda que en estas aulas se siembra el futuro de Delicias, de Chihuahua y de M\u00e9xico. Enhorabuena por estos 39 a\u00f1os y que sigan siendo muchos m\u00e1s\u201d, concluy\u00f3.<\/p>\n","protected":false},"excerpt":{"rendered":"<p>El Instituto Tecnol\u00f3gico de Delicias conmemor\u00f3 su 39 aniversario con una ceremonia en la que se entregaron reconocimientos a maestras, maestros y personal administrativo por sus a\u00f1os de servicio, en un evento que resalt\u00f3 la importancia de esta instituci\u00f3n como formadora de profesionistas y motor del desarrollo regional. La celebraci\u00f3n fue encabezada por el presidente municipal Jes\u00fas Valenciano Garc\u00eda. Durante su mensaje, el alcalde quien estuvo a acompa\u00f1ando a la directora del plantel Lilian Santiesteban, subray\u00f3 que el Tecnol\u00f3gico ha contribuido en sectores clave como la industria del mueble, la producci\u00f3n lechera y la agroindustria, donde egresados se desempe\u00f1an como empresarios, l\u00edderes de compa\u00f1\u00edas y parte de la fuerza laboral m\u00e1s importante del estado. \u201cEl Tecnol\u00f3gico de Delicias juega un papel preponderante para el crecimiento econ\u00f3mico de nuestra regi\u00f3n y para la competitividad de Chihuahua\u201d, afirm\u00f3. Resalt\u00f3 el desaf\u00edo que enfrentan los j\u00f3venes ante un mundo cada vez m\u00e1s acelerado por el uso de la inteligencia artificial, que redefine las profesiones y los mercados laborales. Invit\u00f3 a las y los estudiantes a involucrarse activamente en estas nuevas herramientas para responder a la competencia global. En el marco del evento, el alcalde reconoci\u00f3 a quienes cumplieron a\u00f1os de servicio, subrayando que su labor ha marcado generaciones y consolidado al Tecnol\u00f3gico como un semillero de l\u00edderes. \u201cHoy m\u00e1s que nunca necesitamos de su compromiso y de una curr\u00edcula acad\u00e9mica que se adapte al cambio tecnol\u00f3gico y econ\u00f3mico que vivimos\u201d, dijo Valenciano al dirigirse al personal homenajeado. Finalmente, el presidente municipal refrend\u00f3 su compromiso como aliado permanente de la instituci\u00f3n que lo form\u00f3, destacando que el Tecnol\u00f3gico seguir\u00e1 siendo clave para mantener a Delicias como un referente econ\u00f3mico y de calidad de vida en el pa\u00eds. \u201cEste aniversario nos recuerda que en estas aulas se siembra el futuro de Delicias, de Chihuahua y de M\u00e9xico. Enhorabuena por estos 39 a\u00f1os y que sigan siendo muchos m\u00e1s\u201d, concluy\u00f3.<\/p>\n","protected":false},"author":2,"featured_media":17741,"comment_status":"open","ping_status":"open","sticky":false,"template":"","format":"standard","meta":{"_monsterinsights_skip_tracking":false,"_monsterinsights_sitenote_active":false,"_monsterinsights_sitenote_note":"","_monsterinsights_sitenote_category":0,"advanced_seo_description":"","jetpack_seo_html_title":"","jetpack_seo_noindex":false,"_jetpack_memberships_contains_paid_content":false,"footnotes":"","jetpack_publicize_message":"","jetpack_publicize_feature_enabled":true,"jetpack_social_post_already_shared":true,"jetpack_social_options":{"image_generator_settings":{"template":"highway","enabled":false},"version":2}},"categories":[135,7,11],"tags":[],"class_list":["post-17740","post","type-post","status-publish","format-standard","has-post-thumbnail","hentry","category-lo-mas-leido","category-local","category-principal"],"jetpack_publicize_connections":[],"jetpack_sharing_enabled":true,"jetpack_featured_media_url":"https:\/\/i0.wp.com\/alcierrenoticias.com\/wp-content\/uploads\/2025\/09\/WhatsApp-Image-2025-09-23-at-8.30.30-AM-1.jpeg?fit=1600%2C1066&ssl=1","amp_enabled":true,"_links":{"self":[{"href":"https:\/\/alcierrenoticias.com\/index.php\/wp-json\/wp\/v2\/posts\/17740","targetHints":{"allow":["GET"]}}],"collection":[{"href":"https:\/\/alcierrenoticias.com\/index.php\/wp-json\/wp\/v2\/posts"}],"about":[{"href":"https:\/\/alcierrenoticias.com\/index.php\/wp-json\/wp\/v2\/types\/post"}],"author":[{"embeddable":true,"href":"https:\/\/alcierrenoticias.com\/index.php\/wp-json\/wp\/v2\/users\/2"}],"replies":[{"embeddable":true,"href":"https:\/\/alcierrenoticias.com\/index.php\/wp-json\/wp\/v2\/comments?post=17740"}],"version-history":[{"count":2,"href":"https:\/\/alcierrenoticias.com\/index.php\/wp-json\/wp\/v2\/posts\/17740\/revisions"}],"predecessor-version":[{"id":17743,"href":"https:\/\/alcierrenoticias.com\/index.php\/wp-json\/wp\/v2\/posts\/17740\/revisions\/17743"}],"wp:featuredmedia":[{"embeddable":true,"href":"https:\/\/alcierrenoticias.com\/index.php\/wp-json\/wp\/v2\/media\/17741"}],"wp:attachment":[{"href":"https:\/\/alcierrenoticias.com\/index.php\/wp-json\/wp\/v2\/media?parent=17740"}],"wp:term":[{"taxonomy":"category","embeddable":true,"href":"https:\/\/alcierrenoticias.com\/index.php\/wp-json\/wp\/v2\/categories?post=17740"},{"taxonomy":"post_tag","embeddable":true,"href":"https:\/\/alcierrenoticias.com\/index.php\/wp-json\/wp\/v2\/tags?post=17740"}],"curies":[{"name":"wp","href":"https:\/\/api.w.org\/{rel}","templated":true}]}}