{"id":17711,"date":"2025-09-22T16:52:07","date_gmt":"2025-09-22T22:52:07","guid":{"rendered":"https:\/\/alcierrenoticias.com\/?p=17711"},"modified":"2025-09-22T16:52:07","modified_gmt":"2025-09-22T22:52:07","slug":"refuerzan-seguridad-vial-con-trabajos-de-pintura-en-principales-avenidas-de-delicias","status":"publish","type":"post","link":"https:\/\/alcierrenoticias.com\/index.php\/2025\/09\/22\/refuerzan-seguridad-vial-con-trabajos-de-pintura-en-principales-avenidas-de-delicias\/","title":{"rendered":"Refuerzan seguridad vial con trabajos de pintura en principales avenidas de Delicias."},"content":{"rendered":"<p>Este fin de semana se llevaron a cabo labores de se\u00f1alizaci\u00f3n vial en uno de los tramos con mayor circulaci\u00f3n de la ciudad, desde el Mercado Ju\u00e1rez hasta la zona de hospitales. As\u00ed lo inform\u00f3 Erik Rodr\u00edguez, comandante de la Subdirecci\u00f3n de Vialidad, quien destac\u00f3 que estos trabajos forman parte de un programa iniciado el mes pasado para mejorar la seguridad de automovilistas y peatones.<\/p>\n<p>Las acciones consistieron en la aplicaci\u00f3n de pintura en l\u00edneas continuas y discontinuas, con el objetivo de delimitar de manera m\u00e1s clara los carriles de circulaci\u00f3n. Rodr\u00edguez explic\u00f3 que la intenci\u00f3n es brindar mayor orden en el tr\u00e1nsito y reducir riesgos de accidentes en zonas de alta afluencia vehicular.<\/p>\n<p>El comandante hizo un llamado a conductores y peatones para mantener la tolerancia en los puntos donde se ubican las unidades de trabajo. Explic\u00f3 que, mientras la pintura seca, es necesario reducir el flujo a un solo carril de circulaci\u00f3n. Aclar\u00f3 que el tiempo de secado es breve, de aproximadamente cinco minutos, por lo que el impacto en la movilidad es m\u00ednimo.<\/p>\n<p>Asimismo, agradeci\u00f3 la comprensi\u00f3n de la ciudadan\u00eda ante las labores que se realizan y enfatiz\u00f3 que las jornadas se programan en domingo con el prop\u00f3sito de evitar congestionamientos mayores. Esta estrategia busca disminuir las afectaciones y mantener el tr\u00e1nsito lo m\u00e1s \u00e1gil posible durante los d\u00edas laborales.<\/p>\n<p>Finalmente, reiter\u00f3 que estos trabajos forman parte de las instrucciones del alcalde y que continuar\u00e1n en diferentes puntos de la ciudad. \u201cSeguimos reforzando la seguridad vial y orden en nuestras calles\u201d, puntualiz\u00f3 Rodr\u00edguez, al subrayar que el compromiso de la Subdirecci\u00f3n de Vialidad es mantener v\u00edas m\u00e1s seguras y funcionales para toda la poblaci\u00f3n.<\/p>\n","protected":false},"excerpt":{"rendered":"<p>Este fin de semana se llevaron a cabo labores de se\u00f1alizaci\u00f3n vial en uno de los tramos con mayor circulaci\u00f3n de la ciudad, desde el Mercado Ju\u00e1rez hasta la zona de hospitales. As\u00ed lo inform\u00f3 Erik Rodr\u00edguez, comandante de la Subdirecci\u00f3n de Vialidad, quien destac\u00f3 que estos trabajos forman parte de un programa iniciado el mes pasado para mejorar la seguridad de automovilistas y peatones. Las acciones consistieron en la aplicaci\u00f3n de pintura en l\u00edneas continuas y discontinuas, con el objetivo de delimitar de manera m\u00e1s clara los carriles de circulaci\u00f3n. Rodr\u00edguez explic\u00f3 que la intenci\u00f3n es brindar mayor orden en el tr\u00e1nsito y reducir riesgos de accidentes en zonas de alta afluencia vehicular. El comandante hizo un llamado a conductores y peatones para mantener la tolerancia en los puntos donde se ubican las unidades de trabajo. Explic\u00f3 que, mientras la pintura seca, es necesario reducir el flujo a un solo carril de circulaci\u00f3n. Aclar\u00f3 que el tiempo de secado es breve, de aproximadamente cinco minutos, por lo que el impacto en la movilidad es m\u00ednimo. Asimismo, agradeci\u00f3 la comprensi\u00f3n de la ciudadan\u00eda ante las labores que se realizan y enfatiz\u00f3 que las jornadas se programan en domingo con el prop\u00f3sito de evitar congestionamientos mayores. Esta estrategia busca disminuir las afectaciones y mantener el tr\u00e1nsito lo m\u00e1s \u00e1gil posible durante los d\u00edas laborales. Finalmente, reiter\u00f3 que estos trabajos forman parte de las instrucciones del alcalde y que continuar\u00e1n en diferentes puntos de la ciudad. \u201cSeguimos reforzando la seguridad vial y orden en nuestras calles\u201d, puntualiz\u00f3 Rodr\u00edguez, al subrayar que el compromiso de la Subdirecci\u00f3n de Vialidad es mantener v\u00edas m\u00e1s seguras y funcionales para toda la poblaci\u00f3n.<\/p>\n","protected":false},"author":2,"featured_media":17712,"comment_status":"open","ping_status":"open","sticky":false,"template":"","format":"standard","meta":{"_monsterinsights_skip_tracking":false,"_monsterinsights_sitenote_active":false,"_monsterinsights_sitenote_note":"","_monsterinsights_sitenote_category":0,"advanced_seo_description":"","jetpack_seo_html_title":"","jetpack_seo_noindex":false,"_jetpack_memberships_contains_paid_content":false,"footnotes":"","jetpack_publicize_message":"","jetpack_publicize_feature_enabled":true,"jetpack_social_post_already_shared":true,"jetpack_social_options":{"image_generator_settings":{"template":"highway","enabled":false},"version":2}},"categories":[135,7,11],"tags":[],"class_list":["post-17711","post","type-post","status-publish","format-standard","has-post-thumbnail","hentry","category-lo-mas-leido","category-local","category-principal"],"jetpack_publicize_connections":[],"jetpack_sharing_enabled":true,"jetpack_featured_media_url":"https:\/\/i0.wp.com\/alcierrenoticias.com\/wp-content\/uploads\/2025\/09\/WhatsApp-Image-2025-09-22-at-2.50.49-PM-1-e1758581510913.jpeg?fit=1200%2C984&ssl=1","amp_enabled":true,"_links":{"self":[{"href":"https:\/\/alcierrenoticias.com\/index.php\/wp-json\/wp\/v2\/posts\/17711","targetHints":{"allow":["GET"]}}],"collection":[{"href":"https:\/\/alcierrenoticias.com\/index.php\/wp-json\/wp\/v2\/posts"}],"about":[{"href":"https:\/\/alcierrenoticias.com\/index.php\/wp-json\/wp\/v2\/types\/post"}],"author":[{"embeddable":true,"href":"https:\/\/alcierrenoticias.com\/index.php\/wp-json\/wp\/v2\/users\/2"}],"replies":[{"embeddable":true,"href":"https:\/\/alcierrenoticias.com\/index.php\/wp-json\/wp\/v2\/comments?post=17711"}],"version-history":[{"count":2,"href":"https:\/\/alcierrenoticias.com\/index.php\/wp-json\/wp\/v2\/posts\/17711\/revisions"}],"predecessor-version":[{"id":17714,"href":"https:\/\/alcierrenoticias.com\/index.php\/wp-json\/wp\/v2\/posts\/17711\/revisions\/17714"}],"wp:featuredmedia":[{"embeddable":true,"href":"https:\/\/alcierrenoticias.com\/index.php\/wp-json\/wp\/v2\/media\/17712"}],"wp:attachment":[{"href":"https:\/\/alcierrenoticias.com\/index.php\/wp-json\/wp\/v2\/media?parent=17711"}],"wp:term":[{"taxonomy":"category","embeddable":true,"href":"https:\/\/alcierrenoticias.com\/index.php\/wp-json\/wp\/v2\/categories?post=17711"},{"taxonomy":"post_tag","embeddable":true,"href":"https:\/\/alcierrenoticias.com\/index.php\/wp-json\/wp\/v2\/tags?post=17711"}],"curies":[{"name":"wp","href":"https:\/\/api.w.org\/{rel}","templated":true}]}}