{"id":17707,"date":"2025-09-20T14:48:29","date_gmt":"2025-09-20T20:48:29","guid":{"rendered":"https:\/\/alcierrenoticias.com\/?p=17707"},"modified":"2025-09-22T16:49:51","modified_gmt":"2025-09-22T22:49:51","slug":"se-suma-meoqui-a-red-de-enlaces-municipales-de-la-sspe","status":"publish","type":"post","link":"https:\/\/alcierrenoticias.com\/index.php\/2025\/09\/20\/se-suma-meoqui-a-red-de-enlaces-municipales-de-la-sspe\/","title":{"rendered":"Se suma Meoqui a red de enlaces municipales de la SSPE."},"content":{"rendered":"<p>Buscan crear canal \u00e1gil para compartir informaci\u00f3n, coordinar estrategias y responder de manera efectiva a temas de gobernabilidad en cada municipio<\/p>\n<p>El municipio de Meoqui se integr\u00f3 a la coordinaci\u00f3n de enlaces municipales impulsada por la Secretar\u00eda de Seguridad P\u00fablica del Estado, tras la firma de un convenio de colaboraci\u00f3n, en donde se pretende tener un canal \u00e1gil para compartir informaci\u00f3n, coordinar estrategias y responder de manera m\u00e1s efectiva a los temas de gobernabilidad en cada municipio.<\/p>\n<p>As\u00ed lo inform\u00f3 Jorge Vel\u00e1zquez, Secretario Municipal de Meoqui, quien destac\u00f3 que este acuerdo forma parte de la estrategia coordinada entre la Subsecretar\u00eda de Inteligencia y los municipios de la regi\u00f3n, a\u00f1adiendo que, adem\u00e1s de Meoqui, ya se han sumado municipios como La Cruz, Saucillo y Julimes y que en esta primera etapa se prev\u00e9 que m\u00e1s localidades se integren a esta red.<\/p>\n<p>Jorge Vel\u00e1zquez subray\u00f3 que la colaboraci\u00f3n con el Gobierno del Estado ha sido constante y fundamental para fortalecer la seguridad en la regi\u00f3n: \u201cEste convenio viene a reforzar los esfuerzos institucionales para cuidar y salvaguardar la gobernabilidad en nuestros municipios\u201d, puntualiz\u00f3<\/p>\n","protected":false},"excerpt":{"rendered":"<p>Buscan crear canal \u00e1gil para compartir informaci\u00f3n, coordinar estrategias y responder de manera efectiva a temas de gobernabilidad en cada municipio El municipio de Meoqui se integr\u00f3 a la coordinaci\u00f3n de enlaces municipales impulsada por la Secretar\u00eda de Seguridad P\u00fablica del Estado, tras la firma de un convenio de colaboraci\u00f3n, en donde se pretende tener un canal \u00e1gil para compartir informaci\u00f3n, coordinar estrategias y responder de manera m\u00e1s efectiva a los temas de gobernabilidad en cada municipio. As\u00ed lo inform\u00f3 Jorge Vel\u00e1zquez, Secretario Municipal de Meoqui, quien destac\u00f3 que este acuerdo forma parte de la estrategia coordinada entre la Subsecretar\u00eda de Inteligencia y los municipios de la regi\u00f3n, a\u00f1adiendo que, adem\u00e1s de Meoqui, ya se han sumado municipios como La Cruz, Saucillo y Julimes y que en esta primera etapa se prev\u00e9 que m\u00e1s localidades se integren a esta red. Jorge Vel\u00e1zquez subray\u00f3 que la colaboraci\u00f3n con el Gobierno del Estado ha sido constante y fundamental para fortalecer la seguridad en la regi\u00f3n: \u201cEste convenio viene a reforzar los esfuerzos institucionales para cuidar y salvaguardar la gobernabilidad en nuestros municipios\u201d, puntualiz\u00f3<\/p>\n","protected":false},"author":2,"featured_media":17709,"comment_status":"open","ping_status":"open","sticky":false,"template":"","format":"standard","meta":{"_monsterinsights_skip_tracking":false,"_monsterinsights_sitenote_active":false,"_monsterinsights_sitenote_note":"","_monsterinsights_sitenote_category":0,"advanced_seo_description":"","jetpack_seo_html_title":"","jetpack_seo_noindex":false,"_jetpack_memberships_contains_paid_content":false,"footnotes":"","jetpack_publicize_message":"","jetpack_publicize_feature_enabled":true,"jetpack_social_post_already_shared":true,"jetpack_social_options":{"image_generator_settings":{"template":"highway","enabled":false},"version":2}},"categories":[135,7,11],"tags":[],"class_list":["post-17707","post","type-post","status-publish","format-standard","has-post-thumbnail","hentry","category-lo-mas-leido","category-local","category-principal"],"jetpack_publicize_connections":[],"jetpack_sharing_enabled":true,"jetpack_featured_media_url":"https:\/\/i0.wp.com\/alcierrenoticias.com\/wp-content\/uploads\/2025\/09\/WhatsApp-Image-2025-09-20-at-2.00.36-PM.jpeg?fit=1280%2C853&ssl=1","amp_enabled":true,"_links":{"self":[{"href":"https:\/\/alcierrenoticias.com\/index.php\/wp-json\/wp\/v2\/posts\/17707","targetHints":{"allow":["GET"]}}],"collection":[{"href":"https:\/\/alcierrenoticias.com\/index.php\/wp-json\/wp\/v2\/posts"}],"about":[{"href":"https:\/\/alcierrenoticias.com\/index.php\/wp-json\/wp\/v2\/types\/post"}],"author":[{"embeddable":true,"href":"https:\/\/alcierrenoticias.com\/index.php\/wp-json\/wp\/v2\/users\/2"}],"replies":[{"embeddable":true,"href":"https:\/\/alcierrenoticias.com\/index.php\/wp-json\/wp\/v2\/comments?post=17707"}],"version-history":[{"count":2,"href":"https:\/\/alcierrenoticias.com\/index.php\/wp-json\/wp\/v2\/posts\/17707\/revisions"}],"predecessor-version":[{"id":17710,"href":"https:\/\/alcierrenoticias.com\/index.php\/wp-json\/wp\/v2\/posts\/17707\/revisions\/17710"}],"wp:featuredmedia":[{"embeddable":true,"href":"https:\/\/alcierrenoticias.com\/index.php\/wp-json\/wp\/v2\/media\/17709"}],"wp:attachment":[{"href":"https:\/\/alcierrenoticias.com\/index.php\/wp-json\/wp\/v2\/media?parent=17707"}],"wp:term":[{"taxonomy":"category","embeddable":true,"href":"https:\/\/alcierrenoticias.com\/index.php\/wp-json\/wp\/v2\/categories?post=17707"},{"taxonomy":"post_tag","embeddable":true,"href":"https:\/\/alcierrenoticias.com\/index.php\/wp-json\/wp\/v2\/tags?post=17707"}],"curies":[{"name":"wp","href":"https:\/\/api.w.org\/{rel}","templated":true}]}}