{"id":17701,"date":"2025-09-20T14:35:25","date_gmt":"2025-09-20T20:35:25","guid":{"rendered":"https:\/\/alcierrenoticias.com\/?p=17701"},"modified":"2025-09-22T15:38:25","modified_gmt":"2025-09-22T21:38:25","slug":"encabeza-delicias-primera-actividad-del-comite-de-medio-ambiente","status":"publish","type":"post","link":"https:\/\/alcierrenoticias.com\/index.php\/2025\/09\/20\/encabeza-delicias-primera-actividad-del-comite-de-medio-ambiente\/","title":{"rendered":"Encabeza Delicias primera actividad del Comit\u00e9 de Medio Ambiente."},"content":{"rendered":"<p>Con gran entusiasmo se llev\u00f3 a cabo la primera jornada del Comit\u00e9 Integral de Medio Ambiente y Cambio Clim\u00e1tico, en coordinaci\u00f3n con el Gobierno Municipal de Delicias, sum\u00e1ndose al World Cleanup Day, el D\u00eda Mundial de la Limpieza.<\/p>\n<p>La jefatura de Medioambiente inform\u00f3 que la actividad consisti\u00f3 en una jornada de limpieza sobre la carretera Delicias\u2013El Salado, donde se recolectaron grandes cantidades de desechos. Alumnos de escuelas, familias enteras y voluntarios se sumaron con entusiasmo a esta labor comunitaria, dejando en claro que el compromiso con un Delicias limpio y ordenado es compartido por todos.<\/p>\n<p>El evento cont\u00f3 con la participaci\u00f3n de Clubes de Leones, comit\u00e9s ambientales, asociaciones civiles, escuelas, personal de la Coordinaci\u00f3n de Ordenamiento Territorial, Desarrollo Urbano y Medio Ambiente, adem\u00e1s de funcionarios de distintas dependencias municipales. La suma de esfuerzos reflej\u00f3 la uni\u00f3n de la ciudadan\u00eda con las instituciones para lograr un mismo objetivo: proteger el medio ambiente.<\/p>\n<p>Para los organizadores, esta jornada simboliza la construcci\u00f3n de un municipio amigable con el medio ambiente. Ni\u00f1os, j\u00f3venes y adultos se integraron con entusiasmo, mostrando que la educaci\u00f3n y la participaci\u00f3n ciudadana son piezas clave para lograr un cambio real. Cada acci\u00f3n, por peque\u00f1a que parezca, contribuye al fortalecimiento de un ecosistema m\u00e1s sano.<\/p>\n<p>Finalmente, el Comit\u00e9 de Medio Ambiente y Cambio Clim\u00e1tico, junto con la Jefatura de Medio Ambiente, subrayaron que estas actividades se mantendr\u00e1n abiertas a toda la ciudadan\u00eda. La invitaci\u00f3n est\u00e1 hecha para que m\u00e1s personas se sumen a construir un Delicias sustentable, ordenado y con una visi\u00f3n ambiental que lo coloque como referente en la regi\u00f3n.<\/p>\n","protected":false},"excerpt":{"rendered":"<p>Con gran entusiasmo se llev\u00f3 a cabo la primera jornada del Comit\u00e9 Integral de Medio Ambiente y Cambio Clim\u00e1tico, en coordinaci\u00f3n con el Gobierno Municipal de Delicias, sum\u00e1ndose al World Cleanup Day, el D\u00eda Mundial de la Limpieza. La jefatura de Medioambiente inform\u00f3 que la actividad consisti\u00f3 en una jornada de limpieza sobre la carretera Delicias\u2013El Salado, donde se recolectaron grandes cantidades de desechos. Alumnos de escuelas, familias enteras y voluntarios se sumaron con entusiasmo a esta labor comunitaria, dejando en claro que el compromiso con un Delicias limpio y ordenado es compartido por todos. El evento cont\u00f3 con la participaci\u00f3n de Clubes de Leones, comit\u00e9s ambientales, asociaciones civiles, escuelas, personal de la Coordinaci\u00f3n de Ordenamiento Territorial, Desarrollo Urbano y Medio Ambiente, adem\u00e1s de funcionarios de distintas dependencias municipales. La suma de esfuerzos reflej\u00f3 la uni\u00f3n de la ciudadan\u00eda con las instituciones para lograr un mismo objetivo: proteger el medio ambiente. Para los organizadores, esta jornada simboliza la construcci\u00f3n de un municipio amigable con el medio ambiente. Ni\u00f1os, j\u00f3venes y adultos se integraron con entusiasmo, mostrando que la educaci\u00f3n y la participaci\u00f3n ciudadana son piezas clave para lograr un cambio real. Cada acci\u00f3n, por peque\u00f1a que parezca, contribuye al fortalecimiento de un ecosistema m\u00e1s sano. Finalmente, el Comit\u00e9 de Medio Ambiente y Cambio Clim\u00e1tico, junto con la Jefatura de Medio Ambiente, subrayaron que estas actividades se mantendr\u00e1n abiertas a toda la ciudadan\u00eda. La invitaci\u00f3n est\u00e1 hecha para que m\u00e1s personas se sumen a construir un Delicias sustentable, ordenado y con una visi\u00f3n ambiental que lo coloque como referente en la regi\u00f3n.<\/p>\n","protected":false},"author":2,"featured_media":17702,"comment_status":"open","ping_status":"open","sticky":false,"template":"","format":"standard","meta":{"_monsterinsights_skip_tracking":false,"_monsterinsights_sitenote_active":false,"_monsterinsights_sitenote_note":"","_monsterinsights_sitenote_category":0,"advanced_seo_description":"","jetpack_seo_html_title":"","jetpack_seo_noindex":false,"_jetpack_memberships_contains_paid_content":false,"footnotes":"","jetpack_publicize_message":"","jetpack_publicize_feature_enabled":true,"jetpack_social_post_already_shared":true,"jetpack_social_options":{"image_generator_settings":{"template":"highway","enabled":false},"version":2}},"categories":[135,7,11],"tags":[],"class_list":["post-17701","post","type-post","status-publish","format-standard","has-post-thumbnail","hentry","category-lo-mas-leido","category-local","category-principal"],"jetpack_publicize_connections":[],"jetpack_sharing_enabled":true,"jetpack_featured_media_url":"https:\/\/i0.wp.com\/alcierrenoticias.com\/wp-content\/uploads\/2025\/09\/WhatsApp-Image-2025-09-20-at-1.54.54-PM-1.jpeg?fit=1600%2C1066&ssl=1","amp_enabled":true,"_links":{"self":[{"href":"https:\/\/alcierrenoticias.com\/index.php\/wp-json\/wp\/v2\/posts\/17701","targetHints":{"allow":["GET"]}}],"collection":[{"href":"https:\/\/alcierrenoticias.com\/index.php\/wp-json\/wp\/v2\/posts"}],"about":[{"href":"https:\/\/alcierrenoticias.com\/index.php\/wp-json\/wp\/v2\/types\/post"}],"author":[{"embeddable":true,"href":"https:\/\/alcierrenoticias.com\/index.php\/wp-json\/wp\/v2\/users\/2"}],"replies":[{"embeddable":true,"href":"https:\/\/alcierrenoticias.com\/index.php\/wp-json\/wp\/v2\/comments?post=17701"}],"version-history":[{"count":1,"href":"https:\/\/alcierrenoticias.com\/index.php\/wp-json\/wp\/v2\/posts\/17701\/revisions"}],"predecessor-version":[{"id":17703,"href":"https:\/\/alcierrenoticias.com\/index.php\/wp-json\/wp\/v2\/posts\/17701\/revisions\/17703"}],"wp:featuredmedia":[{"embeddable":true,"href":"https:\/\/alcierrenoticias.com\/index.php\/wp-json\/wp\/v2\/media\/17702"}],"wp:attachment":[{"href":"https:\/\/alcierrenoticias.com\/index.php\/wp-json\/wp\/v2\/media?parent=17701"}],"wp:term":[{"taxonomy":"category","embeddable":true,"href":"https:\/\/alcierrenoticias.com\/index.php\/wp-json\/wp\/v2\/categories?post=17701"},{"taxonomy":"post_tag","embeddable":true,"href":"https:\/\/alcierrenoticias.com\/index.php\/wp-json\/wp\/v2\/tags?post=17701"}],"curies":[{"name":"wp","href":"https:\/\/api.w.org\/{rel}","templated":true}]}}