{"id":17697,"date":"2025-09-20T14:17:32","date_gmt":"2025-09-20T20:17:32","guid":{"rendered":"https:\/\/alcierrenoticias.com\/?p=17697"},"modified":"2025-09-22T15:28:37","modified_gmt":"2025-09-22T21:28:37","slug":"se-reune-valenciano-y-secretaria-de-cultura-para-rescatar-archivo-historico-de-delicias","status":"publish","type":"post","link":"https:\/\/alcierrenoticias.com\/index.php\/2025\/09\/20\/se-reune-valenciano-y-secretaria-de-cultura-para-rescatar-archivo-historico-de-delicias\/","title":{"rendered":"Se re\u00fane Valenciano y Secretaria de Cultura para rescatar archivo hist\u00f3rico de Delicias."},"content":{"rendered":"<p>Con el objetivo de preservar la memoria de la ciudad, el alcalde de Delicias, Jes\u00fas Valenciano Garc\u00eda, sostuvo un encuentro con la secretaria de Cultura del Estado, Alejandra Enr\u00edquez, en el que tambi\u00e9n participaron el historiador Miguel Herrera Golarte, Ingrid Navarro y el coordinador de Cultura municipal, Mario Guill\u00e9n Porras.<\/p>\n<p>Durante la reuni\u00f3n se abord\u00f3 la necesidad de rescatar y organizar el archivo hist\u00f3rico de la ciudad, dot\u00e1ndolo de un espacio adecuado que garantice tanto la conservaci\u00f3n de los documentos como su consulta por parte de la ciudadan\u00eda. La propuesta busca que este acervo tenga un manejo profesional y accesible.<\/p>\n<p>Mario Guill\u00e9n se\u00f1al\u00f3 que esta gesti\u00f3n representa el inicio de una serie de acciones encaminadas a consolidar un archivo hist\u00f3rico s\u00f3lido, especialmente de cara al centenario de Delicias. \u201cQueremos que el archivo sea un recurso que enriquezca a la comunidad y que est\u00e9 disponible de la manera adecuada para todos los ciudadanos\u201d, coment\u00f3.<\/p>\n<p>El funcionario enfatiz\u00f3 la relevancia de estos documentos, ya que representan la historia viva del municipio. \u201cEl archivo hist\u00f3rico es nuestra historia, son documentos muy importantes que verifican lo que ha sucedido en Delicias a lo largo de los a\u00f1os\u201d, subray\u00f3.<\/p>\n<p>Finalmente, Guill\u00e9n Porras expres\u00f3 que se espera avanzar pronto en este proyecto, con la meta de que el archivo hist\u00f3rico se convierta en un patrimonio cultural de gran valor y en un legado perdurable para las futuras generaciones.<\/p>\n","protected":false},"excerpt":{"rendered":"<p>Con el objetivo de preservar la memoria de la ciudad, el alcalde de Delicias, Jes\u00fas Valenciano Garc\u00eda, sostuvo un encuentro con la secretaria de Cultura del Estado, Alejandra Enr\u00edquez, en el que tambi\u00e9n participaron el historiador Miguel Herrera Golarte, Ingrid Navarro y el coordinador de Cultura municipal, Mario Guill\u00e9n Porras. Durante la reuni\u00f3n se abord\u00f3 la necesidad de rescatar y organizar el archivo hist\u00f3rico de la ciudad, dot\u00e1ndolo de un espacio adecuado que garantice tanto la conservaci\u00f3n de los documentos como su consulta por parte de la ciudadan\u00eda. La propuesta busca que este acervo tenga un manejo profesional y accesible. Mario Guill\u00e9n se\u00f1al\u00f3 que esta gesti\u00f3n representa el inicio de una serie de acciones encaminadas a consolidar un archivo hist\u00f3rico s\u00f3lido, especialmente de cara al centenario de Delicias. \u201cQueremos que el archivo sea un recurso que enriquezca a la comunidad y que est\u00e9 disponible de la manera adecuada para todos los ciudadanos\u201d, coment\u00f3. El funcionario enfatiz\u00f3 la relevancia de estos documentos, ya que representan la historia viva del municipio. \u201cEl archivo hist\u00f3rico es nuestra historia, son documentos muy importantes que verifican lo que ha sucedido en Delicias a lo largo de los a\u00f1os\u201d, subray\u00f3. Finalmente, Guill\u00e9n Porras expres\u00f3 que se espera avanzar pronto en este proyecto, con la meta de que el archivo hist\u00f3rico se convierta en un patrimonio cultural de gran valor y en un legado perdurable para las futuras generaciones.<\/p>\n","protected":false},"author":2,"featured_media":17698,"comment_status":"open","ping_status":"open","sticky":false,"template":"","format":"standard","meta":{"_monsterinsights_skip_tracking":false,"_monsterinsights_sitenote_active":false,"_monsterinsights_sitenote_note":"","_monsterinsights_sitenote_category":0,"advanced_seo_description":"","jetpack_seo_html_title":"","jetpack_seo_noindex":false,"_jetpack_memberships_contains_paid_content":false,"footnotes":"","jetpack_publicize_message":"","jetpack_publicize_feature_enabled":true,"jetpack_social_post_already_shared":true,"jetpack_social_options":{"image_generator_settings":{"template":"highway","enabled":false},"version":2}},"categories":[135,7,11],"tags":[],"class_list":["post-17697","post","type-post","status-publish","format-standard","has-post-thumbnail","hentry","category-lo-mas-leido","category-local","category-principal"],"jetpack_publicize_connections":[],"jetpack_sharing_enabled":true,"jetpack_featured_media_url":"https:\/\/i0.wp.com\/alcierrenoticias.com\/wp-content\/uploads\/2025\/09\/WhatsApp-Image-2025-09-20-at-1.54.54-PM-scaled.jpeg?fit=2560%2C1706&ssl=1","amp_enabled":true,"_links":{"self":[{"href":"https:\/\/alcierrenoticias.com\/index.php\/wp-json\/wp\/v2\/posts\/17697","targetHints":{"allow":["GET"]}}],"collection":[{"href":"https:\/\/alcierrenoticias.com\/index.php\/wp-json\/wp\/v2\/posts"}],"about":[{"href":"https:\/\/alcierrenoticias.com\/index.php\/wp-json\/wp\/v2\/types\/post"}],"author":[{"embeddable":true,"href":"https:\/\/alcierrenoticias.com\/index.php\/wp-json\/wp\/v2\/users\/2"}],"replies":[{"embeddable":true,"href":"https:\/\/alcierrenoticias.com\/index.php\/wp-json\/wp\/v2\/comments?post=17697"}],"version-history":[{"count":2,"href":"https:\/\/alcierrenoticias.com\/index.php\/wp-json\/wp\/v2\/posts\/17697\/revisions"}],"predecessor-version":[{"id":17700,"href":"https:\/\/alcierrenoticias.com\/index.php\/wp-json\/wp\/v2\/posts\/17697\/revisions\/17700"}],"wp:featuredmedia":[{"embeddable":true,"href":"https:\/\/alcierrenoticias.com\/index.php\/wp-json\/wp\/v2\/media\/17698"}],"wp:attachment":[{"href":"https:\/\/alcierrenoticias.com\/index.php\/wp-json\/wp\/v2\/media?parent=17697"}],"wp:term":[{"taxonomy":"category","embeddable":true,"href":"https:\/\/alcierrenoticias.com\/index.php\/wp-json\/wp\/v2\/categories?post=17697"},{"taxonomy":"post_tag","embeddable":true,"href":"https:\/\/alcierrenoticias.com\/index.php\/wp-json\/wp\/v2\/tags?post=17697"}],"curies":[{"name":"wp","href":"https:\/\/api.w.org\/{rel}","templated":true}]}}