{"id":17663,"date":"2025-09-18T15:05:14","date_gmt":"2025-09-18T21:05:14","guid":{"rendered":"https:\/\/alcierrenoticias.com\/?p=17663"},"modified":"2025-09-18T16:07:11","modified_gmt":"2025-09-18T22:07:11","slug":"anuncia-miriam-soto-a-los-madafakers-y-banda-la-misma-escuela-en-la-4ta-edicion-del-chevefest-en-meoqui-este-4-de-octubre","status":"publish","type":"post","link":"https:\/\/alcierrenoticias.com\/index.php\/2025\/09\/18\/anuncia-miriam-soto-a-los-madafakers-y-banda-la-misma-escuela-en-la-4ta-edicion-del-chevefest-en-meoqui-este-4-de-octubre\/","title":{"rendered":"Anuncia Miriam Soto a Los Madafakers y Banda La Misma Escuela en la 4ta edici\u00f3n del Chevefest en Meoqui este 4 de octubre."},"content":{"rendered":"<p>La alcaldesa comparti\u00f3 que adem\u00e1s se contar\u00e1 con una cerveza artesanal exclusiva, Feria de Emprendedores y Corredor Gastron\u00f3mico<\/p>\n<p>La alcaldesa de Meoqui Miriam Soto anunci\u00f3 la 4ta edici\u00f3n del CheveFest, festival que se realizar\u00e1 el pr\u00f3ximo 4 de octubre en La Ca\u00f1ada, consolid\u00e1ndose como un evento de referencia en la regi\u00f3n, con ambiente totalmente familiar y una amplia oferta cultural, gastron\u00f3mica y musical, teniendo como artistas estelares al grupo Los Madafakers y la Banda La Misma Escuela de Mazatl\u00e1n Sinaloa; adem\u00e1s, los asistentes podr\u00e1n degustar una edici\u00f3n especial de cerveza artesanal, adem\u00e1s de la ya conocida \u201c Cerveza Monito\u201d, favorita de muchos en el municipio.<\/p>\n<p>\u201cEs un evento que lleg\u00f3 para quedarse y que es un ambiente totalmente familiar. Nuestra feria de emprendedores, productores, patio gastron\u00f3mico, eventos culturales y m\u00fasica hacen que sea un espacio para convivir, divertirse y disfrutar en un lugar seguro\u201d, expres\u00f3 la alcaldesa Miriam Soto, quien agradeci\u00f3 el apoyo del Gobierno del Estado a trav\u00e9s de las secretar\u00edas de Desarrollo Rural, Turismo y Cultura y reiter\u00f3 la invitaci\u00f3n a las familias para que asistan a este festival que, a\u00f1o con a\u00f1o, fortalece la identidad y la proyecci\u00f3n de Meoqui como destino tur\u00edstico.<\/p>\n<p>Por su parte, Germ\u00e1n Orrantia, director de Promoci\u00f3n Tur\u00edstica de la Secretar\u00eda de Turismo de Gobierno del Estado, se\u00f1al\u00f3 que este tipo de festivales impulsan la cerveza artesanal al brindar experiencias \u00fanicas: \u201cLo importante es que la gente se atreva a probar algo diferente, que disfrute lo que ya conoce y que descubra nuevos sabores en un ambiente familiar\u201d.<\/p>\n<p>Por \u00faltimo, Alejandro Garc\u00eda, jefe de Agroindustria de la Secretar\u00eda de Desarrollo Rural, resalt\u00f3 que este festival tambi\u00e9n representa una plataforma para productores locales apoyados por programas estatales: \u201cLa cerveza artesanal no solo es identidad para el municipio, tambi\u00e9n tiene potencial de mercado nacional e incluso de exportaci\u00f3n. Este tipo de pol\u00edticas p\u00fablicas incentivan el desarrollo econ\u00f3mico y tur\u00edstico de la regi\u00f3n\u201d.<\/p>\n<p>En el evento tambi\u00e9n estuvieron presentes el Lic. Alan Mata, director de Desarrollo Econ\u00f3mico y Turismo; Ana Victoria Soro Alv\u00eddrez, Regidora de Turismo; Juan Gabriel Ram\u00edrez, Regidor de Econom\u00eda y Sion Backhoff Villanueva Representante de Cervecer\u00eda Backhoff<\/p>\n","protected":false},"excerpt":{"rendered":"<p>La alcaldesa comparti\u00f3 que adem\u00e1s se contar\u00e1 con una cerveza artesanal exclusiva, Feria de Emprendedores y Corredor Gastron\u00f3mico La alcaldesa de Meoqui Miriam Soto anunci\u00f3 la 4ta edici\u00f3n del CheveFest, festival que se realizar\u00e1 el pr\u00f3ximo 4 de octubre en La Ca\u00f1ada, consolid\u00e1ndose como un evento de referencia en la regi\u00f3n, con ambiente totalmente familiar y una amplia oferta cultural, gastron\u00f3mica y musical, teniendo como artistas estelares al grupo Los Madafakers y la Banda La Misma Escuela de Mazatl\u00e1n Sinaloa; adem\u00e1s, los asistentes podr\u00e1n degustar una edici\u00f3n especial de cerveza artesanal, adem\u00e1s de la ya conocida \u201c Cerveza Monito\u201d, favorita de muchos en el municipio. \u201cEs un evento que lleg\u00f3 para quedarse y que es un ambiente totalmente familiar. Nuestra feria de emprendedores, productores, patio gastron\u00f3mico, eventos culturales y m\u00fasica hacen que sea un espacio para convivir, divertirse y disfrutar en un lugar seguro\u201d, expres\u00f3 la alcaldesa Miriam Soto, quien agradeci\u00f3 el apoyo del Gobierno del Estado a trav\u00e9s de las secretar\u00edas de Desarrollo Rural, Turismo y Cultura y reiter\u00f3 la invitaci\u00f3n a las familias para que asistan a este festival que, a\u00f1o con a\u00f1o, fortalece la identidad y la proyecci\u00f3n de Meoqui como destino tur\u00edstico. Por su parte, Germ\u00e1n Orrantia, director de Promoci\u00f3n Tur\u00edstica de la Secretar\u00eda de Turismo de Gobierno del Estado, se\u00f1al\u00f3 que este tipo de festivales impulsan la cerveza artesanal al brindar experiencias \u00fanicas: \u201cLo importante es que la gente se atreva a probar algo diferente, que disfrute lo que ya conoce y que descubra nuevos sabores en un ambiente familiar\u201d. Por \u00faltimo, Alejandro Garc\u00eda, jefe de Agroindustria de la Secretar\u00eda de Desarrollo Rural, resalt\u00f3 que este festival tambi\u00e9n representa una plataforma para productores locales apoyados por programas estatales: \u201cLa cerveza artesanal no solo es identidad para el municipio, tambi\u00e9n tiene potencial de mercado nacional e incluso de exportaci\u00f3n. Este tipo de pol\u00edticas p\u00fablicas incentivan el desarrollo econ\u00f3mico y tur\u00edstico de la regi\u00f3n\u201d. En el evento tambi\u00e9n estuvieron presentes el Lic. Alan Mata, director de Desarrollo Econ\u00f3mico y Turismo; Ana Victoria Soro Alv\u00eddrez, Regidora de Turismo; Juan Gabriel Ram\u00edrez, Regidor de Econom\u00eda y Sion Backhoff Villanueva Representante de Cervecer\u00eda Backhoff<\/p>\n","protected":false},"author":2,"featured_media":17664,"comment_status":"open","ping_status":"open","sticky":false,"template":"","format":"standard","meta":{"_monsterinsights_skip_tracking":false,"_monsterinsights_sitenote_active":false,"_monsterinsights_sitenote_note":"","_monsterinsights_sitenote_category":0,"advanced_seo_description":"","jetpack_seo_html_title":"","jetpack_seo_noindex":false,"_jetpack_memberships_contains_paid_content":false,"footnotes":"","jetpack_publicize_message":"","jetpack_publicize_feature_enabled":true,"jetpack_social_post_already_shared":true,"jetpack_social_options":{"image_generator_settings":{"template":"highway","enabled":false},"version":2}},"categories":[135,7,11],"tags":[],"class_list":["post-17663","post","type-post","status-publish","format-standard","has-post-thumbnail","hentry","category-lo-mas-leido","category-local","category-principal"],"jetpack_publicize_connections":[],"jetpack_sharing_enabled":true,"jetpack_featured_media_url":"https:\/\/i0.wp.com\/alcierrenoticias.com\/wp-content\/uploads\/2025\/09\/WhatsApp-Image-2025-09-18-at-2.28.41-PM.jpeg?fit=1280%2C853&ssl=1","amp_enabled":true,"_links":{"self":[{"href":"https:\/\/alcierrenoticias.com\/index.php\/wp-json\/wp\/v2\/posts\/17663","targetHints":{"allow":["GET"]}}],"collection":[{"href":"https:\/\/alcierrenoticias.com\/index.php\/wp-json\/wp\/v2\/posts"}],"about":[{"href":"https:\/\/alcierrenoticias.com\/index.php\/wp-json\/wp\/v2\/types\/post"}],"author":[{"embeddable":true,"href":"https:\/\/alcierrenoticias.com\/index.php\/wp-json\/wp\/v2\/users\/2"}],"replies":[{"embeddable":true,"href":"https:\/\/alcierrenoticias.com\/index.php\/wp-json\/wp\/v2\/comments?post=17663"}],"version-history":[{"count":2,"href":"https:\/\/alcierrenoticias.com\/index.php\/wp-json\/wp\/v2\/posts\/17663\/revisions"}],"predecessor-version":[{"id":17666,"href":"https:\/\/alcierrenoticias.com\/index.php\/wp-json\/wp\/v2\/posts\/17663\/revisions\/17666"}],"wp:featuredmedia":[{"embeddable":true,"href":"https:\/\/alcierrenoticias.com\/index.php\/wp-json\/wp\/v2\/media\/17664"}],"wp:attachment":[{"href":"https:\/\/alcierrenoticias.com\/index.php\/wp-json\/wp\/v2\/media?parent=17663"}],"wp:term":[{"taxonomy":"category","embeddable":true,"href":"https:\/\/alcierrenoticias.com\/index.php\/wp-json\/wp\/v2\/categories?post=17663"},{"taxonomy":"post_tag","embeddable":true,"href":"https:\/\/alcierrenoticias.com\/index.php\/wp-json\/wp\/v2\/tags?post=17663"}],"curies":[{"name":"wp","href":"https:\/\/api.w.org\/{rel}","templated":true}]}}