{"id":17635,"date":"2025-09-17T14:30:36","date_gmt":"2025-09-17T20:30:36","guid":{"rendered":"https:\/\/alcierrenoticias.com\/?p=17635"},"modified":"2025-09-18T15:42:25","modified_gmt":"2025-09-18T21:42:25","slug":"mas-de-6-mil-personas-celebraron-el-grito-de-independencia-en-camargo","status":"publish","type":"post","link":"https:\/\/alcierrenoticias.com\/index.php\/2025\/09\/17\/mas-de-6-mil-personas-celebraron-el-grito-de-independencia-en-camargo\/","title":{"rendered":"M\u00e1s de 6 mil personas celebraron el Grito de Independencia en Camargo."},"content":{"rendered":"<p>Con gran \u00e9xito se llev\u00f3 a cabo la celebraci\u00f3n del Grito de Independencia en Camargo, donde m\u00e1s de 6 mil personas se dieron cita para conmemorar una de las fechas m\u00e1s importantes para nuestro pa\u00eds.<\/p>\n<p>El presidente municipal de Camargo, acompa\u00f1ado de su familia, encabez\u00f3 la ceremonia en un ambiente de unidad, alegr\u00eda y orgullo mexicano. Durante la celebraci\u00f3n, se ofrecieron antojitos mexicanos totalmente gratis para las y los asistentes, entre ellos elotes, aguas frescas, palomitas y banderillas, lo que gener\u00f3 una velada a\u00fan m\u00e1s especial.<\/p>\n<p>La fiesta estuvo enmarcada por la participaci\u00f3n de grandes talentos locales que pusieron el ambiente y la m\u00fasica de la noche: C\u00e9sar Estrada, Orilleros del Conchos, Romi Chac\u00f3n, Enrique Aguilar, Edith Barrera y Yaz Mijares, quienes deleitaron al p\u00fablico con su entrega y talento.<\/p>\n<p>La noche transcurri\u00f3 en un ambiente seguro, familiar y festivo, consolidando esta celebraci\u00f3n como una de las m\u00e1s concurridas y memorables en los \u00faltimos a\u00f1os.<\/p>\n<p>El Gobierno Municipal de Camargo agradece la presencia y participaci\u00f3n de todas las personas que asistieron, y reitera su compromiso de seguir impulsando actividades que fortalezcan nuestras tradiciones y fomenten la sana convivencia.<\/p>\n","protected":false},"excerpt":{"rendered":"<p>Con gran \u00e9xito se llev\u00f3 a cabo la celebraci\u00f3n del Grito de Independencia en Camargo, donde m\u00e1s de 6 mil personas se dieron cita para conmemorar una de las fechas m\u00e1s importantes para nuestro pa\u00eds. El presidente municipal de Camargo, acompa\u00f1ado de su familia, encabez\u00f3 la ceremonia en un ambiente de unidad, alegr\u00eda y orgullo mexicano. Durante la celebraci\u00f3n, se ofrecieron antojitos mexicanos totalmente gratis para las y los asistentes, entre ellos elotes, aguas frescas, palomitas y banderillas, lo que gener\u00f3 una velada a\u00fan m\u00e1s especial. La fiesta estuvo enmarcada por la participaci\u00f3n de grandes talentos locales que pusieron el ambiente y la m\u00fasica de la noche: C\u00e9sar Estrada, Orilleros del Conchos, Romi Chac\u00f3n, Enrique Aguilar, Edith Barrera y Yaz Mijares, quienes deleitaron al p\u00fablico con su entrega y talento. La noche transcurri\u00f3 en un ambiente seguro, familiar y festivo, consolidando esta celebraci\u00f3n como una de las m\u00e1s concurridas y memorables en los \u00faltimos a\u00f1os. El Gobierno Municipal de Camargo agradece la presencia y participaci\u00f3n de todas las personas que asistieron, y reitera su compromiso de seguir impulsando actividades que fortalezcan nuestras tradiciones y fomenten la sana convivencia.<\/p>\n","protected":false},"author":2,"featured_media":17636,"comment_status":"open","ping_status":"open","sticky":false,"template":"","format":"standard","meta":{"_monsterinsights_skip_tracking":false,"_monsterinsights_sitenote_active":false,"_monsterinsights_sitenote_note":"","_monsterinsights_sitenote_category":0,"advanced_seo_description":"","jetpack_seo_html_title":"","jetpack_seo_noindex":false,"_jetpack_memberships_contains_paid_content":false,"footnotes":"","jetpack_publicize_message":"","jetpack_publicize_feature_enabled":true,"jetpack_social_post_already_shared":true,"jetpack_social_options":{"image_generator_settings":{"template":"highway","enabled":false},"version":2}},"categories":[8,135,11],"tags":[],"class_list":["post-17635","post","type-post","status-publish","format-standard","has-post-thumbnail","hentry","category-estado","category-lo-mas-leido","category-principal"],"jetpack_publicize_connections":[],"jetpack_sharing_enabled":true,"jetpack_featured_media_url":"https:\/\/i0.wp.com\/alcierrenoticias.com\/wp-content\/uploads\/2025\/09\/WhatsApp-Image-2025-09-17-at-2.00.50-PM.jpeg?fit=1280%2C720&ssl=1","amp_enabled":true,"_links":{"self":[{"href":"https:\/\/alcierrenoticias.com\/index.php\/wp-json\/wp\/v2\/posts\/17635","targetHints":{"allow":["GET"]}}],"collection":[{"href":"https:\/\/alcierrenoticias.com\/index.php\/wp-json\/wp\/v2\/posts"}],"about":[{"href":"https:\/\/alcierrenoticias.com\/index.php\/wp-json\/wp\/v2\/types\/post"}],"author":[{"embeddable":true,"href":"https:\/\/alcierrenoticias.com\/index.php\/wp-json\/wp\/v2\/users\/2"}],"replies":[{"embeddable":true,"href":"https:\/\/alcierrenoticias.com\/index.php\/wp-json\/wp\/v2\/comments?post=17635"}],"version-history":[{"count":2,"href":"https:\/\/alcierrenoticias.com\/index.php\/wp-json\/wp\/v2\/posts\/17635\/revisions"}],"predecessor-version":[{"id":17638,"href":"https:\/\/alcierrenoticias.com\/index.php\/wp-json\/wp\/v2\/posts\/17635\/revisions\/17638"}],"wp:featuredmedia":[{"embeddable":true,"href":"https:\/\/alcierrenoticias.com\/index.php\/wp-json\/wp\/v2\/media\/17636"}],"wp:attachment":[{"href":"https:\/\/alcierrenoticias.com\/index.php\/wp-json\/wp\/v2\/media?parent=17635"}],"wp:term":[{"taxonomy":"category","embeddable":true,"href":"https:\/\/alcierrenoticias.com\/index.php\/wp-json\/wp\/v2\/categories?post=17635"},{"taxonomy":"post_tag","embeddable":true,"href":"https:\/\/alcierrenoticias.com\/index.php\/wp-json\/wp\/v2\/tags?post=17635"}],"curies":[{"name":"wp","href":"https:\/\/api.w.org\/{rel}","templated":true}]}}