{"id":17618,"date":"2025-09-16T14:40:59","date_gmt":"2025-09-16T20:40:59","guid":{"rendered":"https:\/\/alcierrenoticias.com\/?p=17618"},"modified":"2025-09-16T14:40:59","modified_gmt":"2025-09-16T20:40:59","slug":"encabezan-miriam-soto-y-funcionarios-guardia-de-honor-en-monumento-a-hidalgo","status":"publish","type":"post","link":"https:\/\/alcierrenoticias.com\/index.php\/2025\/09\/16\/encabezan-miriam-soto-y-funcionarios-guardia-de-honor-en-monumento-a-hidalgo\/","title":{"rendered":"Encabezan Miriam Soto y funcionarios Guardia de Honor en Monumento a Hidalgo."},"content":{"rendered":"<p>Llevan a cabo representaci\u00f3n de El Bot\u00f3n de Oro, leyenda del Padre de la Patria y Chema, el peluquero de Meoqui<\/p>\n<p>La alcaldesa de Meoqui Miriam Soto encabezo la Guardia de Honor por el 215 aniversario del inicio de la lucha de independencia en el Monumento a Miguel Hidalgo ubicado en el antiguo cuartel general donde el Padre de la Patria estuvo preso antes de llegar a la ciudad de Chihuahua para ser ejecutado, donde tambi\u00e9n se llev\u00f3 a cabo una representaci\u00f3n de El Bot\u00f3n de Oro, leyenda del Padre de la Patria y Chema, el peluquero de Meoqui.<\/p>\n<p>\u201cMuy contenta por este evento c\u00edvico tan significativo, seguimos celebrando el 215 aniversario del inicio de la independencia de M\u00e9xico y resaltando tambi\u00e9n los hechos hist\u00f3ricos que acontecieron f\u00edsicamente en donde anteriormente era el cuartel y que aqu\u00ed estuvo preso Miguel Hidalgo y tambi\u00e9n algunos insurgentes\u201d, expres\u00f3 la alcaldesa.<\/p>\n<p>Durante su arenga la noche del 15 de septiembre, Miriam Soto destac\u00f3 la participaci\u00f3n de las hero\u00ednas que, aunque pocas veces son mencionadas, fueron parte fundamental de la independencia, entre ellas Josefa Ortiz de Dom\u00ednguez, Leona Vicario, Mariana Rodr\u00edguez del Toro y Mar\u00eda Ignacia Rodr\u00edguez.<\/p>\n<p>Asimismo, subray\u00f3 la importancia de la familia como pilar de la identidad mexicana: \u201cPara m\u00ed fue muy importante mencionar en la arenga a la familia, la importancia de consolidar a cada una de nuestras familias independientemente de su tipo, y de igual manera todo esto es parte de nuestra identidad como mexicanos\u201d.<\/p>\n<p>Finalmente, record\u00f3 que Meoqui es parte viva de la historia nacional: \u201cAqu\u00ed forma parte de la historia de nuestro pa\u00eds, tan solo en un hecho que aconteci\u00f3 aqu\u00ed, que estuvieron aqu\u00ed presos Miguel Hidalgo y los insurgentes, pero hay muchas otras historias m\u00e1s que son parte importante de la historia del pa\u00eds y que acontecieron en nuestro municipio\u201d.<\/p>\n","protected":false},"excerpt":{"rendered":"<p>Llevan a cabo representaci\u00f3n de El Bot\u00f3n de Oro, leyenda del Padre de la Patria y Chema, el peluquero de Meoqui La alcaldesa de Meoqui Miriam Soto encabezo la Guardia de Honor por el 215 aniversario del inicio de la lucha de independencia en el Monumento a Miguel Hidalgo ubicado en el antiguo cuartel general donde el Padre de la Patria estuvo preso antes de llegar a la ciudad de Chihuahua para ser ejecutado, donde tambi\u00e9n se llev\u00f3 a cabo una representaci\u00f3n de El Bot\u00f3n de Oro, leyenda del Padre de la Patria y Chema, el peluquero de Meoqui. \u201cMuy contenta por este evento c\u00edvico tan significativo, seguimos celebrando el 215 aniversario del inicio de la independencia de M\u00e9xico y resaltando tambi\u00e9n los hechos hist\u00f3ricos que acontecieron f\u00edsicamente en donde anteriormente era el cuartel y que aqu\u00ed estuvo preso Miguel Hidalgo y tambi\u00e9n algunos insurgentes\u201d, expres\u00f3 la alcaldesa. Durante su arenga la noche del 15 de septiembre, Miriam Soto destac\u00f3 la participaci\u00f3n de las hero\u00ednas que, aunque pocas veces son mencionadas, fueron parte fundamental de la independencia, entre ellas Josefa Ortiz de Dom\u00ednguez, Leona Vicario, Mariana Rodr\u00edguez del Toro y Mar\u00eda Ignacia Rodr\u00edguez. Asimismo, subray\u00f3 la importancia de la familia como pilar de la identidad mexicana: \u201cPara m\u00ed fue muy importante mencionar en la arenga a la familia, la importancia de consolidar a cada una de nuestras familias independientemente de su tipo, y de igual manera todo esto es parte de nuestra identidad como mexicanos\u201d. Finalmente, record\u00f3 que Meoqui es parte viva de la historia nacional: \u201cAqu\u00ed forma parte de la historia de nuestro pa\u00eds, tan solo en un hecho que aconteci\u00f3 aqu\u00ed, que estuvieron aqu\u00ed presos Miguel Hidalgo y los insurgentes, pero hay muchas otras historias m\u00e1s que son parte importante de la historia del pa\u00eds y que acontecieron en nuestro municipio\u201d.<\/p>\n","protected":false},"author":2,"featured_media":17619,"comment_status":"open","ping_status":"open","sticky":false,"template":"","format":"standard","meta":{"_monsterinsights_skip_tracking":false,"_monsterinsights_sitenote_active":false,"_monsterinsights_sitenote_note":"","_monsterinsights_sitenote_category":0,"advanced_seo_description":"","jetpack_seo_html_title":"","jetpack_seo_noindex":false,"_jetpack_memberships_contains_paid_content":false,"footnotes":"","jetpack_publicize_message":"","jetpack_publicize_feature_enabled":true,"jetpack_social_post_already_shared":true,"jetpack_social_options":{"image_generator_settings":{"template":"highway","enabled":false},"version":2}},"categories":[135,7,11],"tags":[],"class_list":["post-17618","post","type-post","status-publish","format-standard","has-post-thumbnail","hentry","category-lo-mas-leido","category-local","category-principal"],"jetpack_publicize_connections":[],"jetpack_sharing_enabled":true,"jetpack_featured_media_url":"https:\/\/i0.wp.com\/alcierrenoticias.com\/wp-content\/uploads\/2025\/09\/WhatsApp-Image-2025-09-16-at-12.26.38-PM.jpeg?fit=1280%2C853&ssl=1","amp_enabled":true,"_links":{"self":[{"href":"https:\/\/alcierrenoticias.com\/index.php\/wp-json\/wp\/v2\/posts\/17618","targetHints":{"allow":["GET"]}}],"collection":[{"href":"https:\/\/alcierrenoticias.com\/index.php\/wp-json\/wp\/v2\/posts"}],"about":[{"href":"https:\/\/alcierrenoticias.com\/index.php\/wp-json\/wp\/v2\/types\/post"}],"author":[{"embeddable":true,"href":"https:\/\/alcierrenoticias.com\/index.php\/wp-json\/wp\/v2\/users\/2"}],"replies":[{"embeddable":true,"href":"https:\/\/alcierrenoticias.com\/index.php\/wp-json\/wp\/v2\/comments?post=17618"}],"version-history":[{"count":2,"href":"https:\/\/alcierrenoticias.com\/index.php\/wp-json\/wp\/v2\/posts\/17618\/revisions"}],"predecessor-version":[{"id":17621,"href":"https:\/\/alcierrenoticias.com\/index.php\/wp-json\/wp\/v2\/posts\/17618\/revisions\/17621"}],"wp:featuredmedia":[{"embeddable":true,"href":"https:\/\/alcierrenoticias.com\/index.php\/wp-json\/wp\/v2\/media\/17619"}],"wp:attachment":[{"href":"https:\/\/alcierrenoticias.com\/index.php\/wp-json\/wp\/v2\/media?parent=17618"}],"wp:term":[{"taxonomy":"category","embeddable":true,"href":"https:\/\/alcierrenoticias.com\/index.php\/wp-json\/wp\/v2\/categories?post=17618"},{"taxonomy":"post_tag","embeddable":true,"href":"https:\/\/alcierrenoticias.com\/index.php\/wp-json\/wp\/v2\/tags?post=17618"}],"curies":[{"name":"wp","href":"https:\/\/api.w.org\/{rel}","templated":true}]}}