{"id":17615,"date":"2025-09-16T14:36:12","date_gmt":"2025-09-16T20:36:12","guid":{"rendered":"https:\/\/alcierrenoticias.com\/?p=17615"},"modified":"2025-09-16T14:36:12","modified_gmt":"2025-09-16T20:36:12","slug":"conmemora-delicias-con-gran-desfile-el-215-aniversario-de-la-independencia-de-mexico","status":"publish","type":"post","link":"https:\/\/alcierrenoticias.com\/index.php\/2025\/09\/16\/conmemora-delicias-con-gran-desfile-el-215-aniversario-de-la-independencia-de-mexico\/","title":{"rendered":"Conmemora Delicias con gran desfile el 215 aniversario de la Independencia de M\u00e9xico."},"content":{"rendered":"<p>Delicias celebr\u00f3 el 215 aniversario de la Independencia de M\u00e9xico con un magno desfile c\u00edvico-militar encabezado por el presidente municipal Jes\u00fas Valenciano Garc\u00eda, quien destac\u00f3 la importancia de mantener vivas las tradiciones que fortalecen la identidad y la unidad de los delicienses.<\/p>\n<p>La ceremonia dio inicio con la presencia de la bandera monumental, acompa\u00f1ada de 17 escoltas que enmarcaron el acto patrio. En total, participaron 17 instituciones educativas de nivel secundaria, preparatoria y superior, con la presencia de m\u00e1s de 2,400 alumnos que desfilaron orgullosos por las principales calles de la ciudad.<\/p>\n<p>El contingente incluy\u00f3 la participaci\u00f3n de 13 veh\u00edculos de caballer\u00eda de defensa rural, as\u00ed como 65 efectivos del Ej\u00e9rcito Mexicano, tres binomios can adiestrados y 45 elementos de la Fuerza A\u00e9rea, quienes mostraron disciplina y compromiso con la patria.<\/p>\n<p>En materia de seguridad, se integraron al desfile 22 unidades de la Direcci\u00f3n de Seguridad P\u00fablica, adem\u00e1s de dos veh\u00edculos de Protecci\u00f3n Civil y dos unidades de Bomberos, con un total de 50 elementos en acci\u00f3n. Tambi\u00e9n se presentaron 20 banderas nacionales y un contingente h\u00edpico con 11 caballos, que aportaron tradici\u00f3n y colorido al evento.<\/p>\n<p>Durante su participaci\u00f3n, el alcalde Jes\u00fas Valenciano reiter\u00f3 que el desfile y la celebraci\u00f3n del Grito transcurrieron con saldo blanco, destacando que mo solo es un homenaje a los h\u00e9roes de la Independencia, sino tambi\u00e9n un recordatorio del deber ciudadano de trabajar unidos por un mejor futuro para Delicias y para M\u00e9xico.<\/p>\n","protected":false},"excerpt":{"rendered":"<p>Delicias celebr\u00f3 el 215 aniversario de la Independencia de M\u00e9xico con un magno desfile c\u00edvico-militar encabezado por el presidente municipal Jes\u00fas Valenciano Garc\u00eda, quien destac\u00f3 la importancia de mantener vivas las tradiciones que fortalecen la identidad y la unidad de los delicienses. La ceremonia dio inicio con la presencia de la bandera monumental, acompa\u00f1ada de 17 escoltas que enmarcaron el acto patrio. En total, participaron 17 instituciones educativas de nivel secundaria, preparatoria y superior, con la presencia de m\u00e1s de 2,400 alumnos que desfilaron orgullosos por las principales calles de la ciudad. El contingente incluy\u00f3 la participaci\u00f3n de 13 veh\u00edculos de caballer\u00eda de defensa rural, as\u00ed como 65 efectivos del Ej\u00e9rcito Mexicano, tres binomios can adiestrados y 45 elementos de la Fuerza A\u00e9rea, quienes mostraron disciplina y compromiso con la patria. En materia de seguridad, se integraron al desfile 22 unidades de la Direcci\u00f3n de Seguridad P\u00fablica, adem\u00e1s de dos veh\u00edculos de Protecci\u00f3n Civil y dos unidades de Bomberos, con un total de 50 elementos en acci\u00f3n. Tambi\u00e9n se presentaron 20 banderas nacionales y un contingente h\u00edpico con 11 caballos, que aportaron tradici\u00f3n y colorido al evento. Durante su participaci\u00f3n, el alcalde Jes\u00fas Valenciano reiter\u00f3 que el desfile y la celebraci\u00f3n del Grito transcurrieron con saldo blanco, destacando que mo solo es un homenaje a los h\u00e9roes de la Independencia, sino tambi\u00e9n un recordatorio del deber ciudadano de trabajar unidos por un mejor futuro para Delicias y para M\u00e9xico.<\/p>\n","protected":false},"author":2,"featured_media":17616,"comment_status":"open","ping_status":"open","sticky":false,"template":"","format":"standard","meta":{"_monsterinsights_skip_tracking":false,"_monsterinsights_sitenote_active":false,"_monsterinsights_sitenote_note":"","_monsterinsights_sitenote_category":0,"advanced_seo_description":"","jetpack_seo_html_title":"","jetpack_seo_noindex":false,"_jetpack_memberships_contains_paid_content":false,"footnotes":"","jetpack_publicize_message":"","jetpack_publicize_feature_enabled":true,"jetpack_social_post_already_shared":true,"jetpack_social_options":{"image_generator_settings":{"template":"highway","enabled":false},"version":2}},"categories":[135,7,11],"tags":[],"class_list":["post-17615","post","type-post","status-publish","format-standard","has-post-thumbnail","hentry","category-lo-mas-leido","category-local","category-principal"],"jetpack_publicize_connections":[],"jetpack_sharing_enabled":true,"jetpack_featured_media_url":"https:\/\/i0.wp.com\/alcierrenoticias.com\/wp-content\/uploads\/2025\/09\/WhatsApp-Image-2025-09-16-at-12.00.41-PM-scaled.jpeg?fit=2560%2C1920&ssl=1","amp_enabled":true,"_links":{"self":[{"href":"https:\/\/alcierrenoticias.com\/index.php\/wp-json\/wp\/v2\/posts\/17615","targetHints":{"allow":["GET"]}}],"collection":[{"href":"https:\/\/alcierrenoticias.com\/index.php\/wp-json\/wp\/v2\/posts"}],"about":[{"href":"https:\/\/alcierrenoticias.com\/index.php\/wp-json\/wp\/v2\/types\/post"}],"author":[{"embeddable":true,"href":"https:\/\/alcierrenoticias.com\/index.php\/wp-json\/wp\/v2\/users\/2"}],"replies":[{"embeddable":true,"href":"https:\/\/alcierrenoticias.com\/index.php\/wp-json\/wp\/v2\/comments?post=17615"}],"version-history":[{"count":1,"href":"https:\/\/alcierrenoticias.com\/index.php\/wp-json\/wp\/v2\/posts\/17615\/revisions"}],"predecessor-version":[{"id":17617,"href":"https:\/\/alcierrenoticias.com\/index.php\/wp-json\/wp\/v2\/posts\/17615\/revisions\/17617"}],"wp:featuredmedia":[{"embeddable":true,"href":"https:\/\/alcierrenoticias.com\/index.php\/wp-json\/wp\/v2\/media\/17616"}],"wp:attachment":[{"href":"https:\/\/alcierrenoticias.com\/index.php\/wp-json\/wp\/v2\/media?parent=17615"}],"wp:term":[{"taxonomy":"category","embeddable":true,"href":"https:\/\/alcierrenoticias.com\/index.php\/wp-json\/wp\/v2\/categories?post=17615"},{"taxonomy":"post_tag","embeddable":true,"href":"https:\/\/alcierrenoticias.com\/index.php\/wp-json\/wp\/v2\/tags?post=17615"}],"curies":[{"name":"wp","href":"https:\/\/api.w.org\/{rel}","templated":true}]}}