{"id":17611,"date":"2025-09-16T13:55:17","date_gmt":"2025-09-16T19:55:17","guid":{"rendered":"https:\/\/alcierrenoticias.com\/?p=17611"},"modified":"2025-09-16T13:55:17","modified_gmt":"2025-09-16T19:55:17","slug":"encabeza-valenciano-con-orgullo-el-grito-de-independencia-en-delicias","status":"publish","type":"post","link":"https:\/\/alcierrenoticias.com\/index.php\/2025\/09\/16\/encabeza-valenciano-con-orgullo-el-grito-de-independencia-en-delicias\/","title":{"rendered":"Encabeza Valenciano con orgullo el Grito de Independencia en Delicias."},"content":{"rendered":"<p>Miles de familias se dieron cita en la explanada de la Presidencia Municipal de Delicias para disfrutar del Grito de Independencia, celebraci\u00f3n que encabez\u00f3 el alcalde Jes\u00fas Valenciano. Al un\u00edsono, los asistentes corearon el tradicional \u201c\u00a1Viva M\u00e9xico!\u201d, dando paso a un espect\u00e1culo de pirotecnia que ilumin\u00f3 y alegr\u00f3 el cielo de la ciudad.<\/p>\n<p>El ambiente festivo se acompa\u00f1\u00f3 de antojitos mexicanos, m\u00fasica de mariachi y la presentaci\u00f3n del grupo Los Vendavales, que pusieron a bailar y cantar a los presentes. La organizaci\u00f3n del evento estuvo a cargo del Gobierno Municipal de Delicias, como parte de los festejos por el 215 aniversario de la Independencia de M\u00e9xico.<\/p>\n<p>La ceremonia dio inicio con los honores a la bandera, a cargo de la Banda de Guerra del Instituto Tecnol\u00f3gico de Delicias y la escolta integrada por elementos del 66 Batall\u00f3n de Infanter\u00eda, lo que dio solemnidad y realce a la conmemoraci\u00f3n.<\/p>\n<p>Jes\u00fas Valenciano destac\u00f3 la importancia de mantener vivas las tradiciones que unen a las familias y fortalecen la identidad nacional, reiterando su compromiso de trabajar por un Delicias unido y con valores c\u00edvicos.<\/p>\n<p>Como parte de la agenda de las fiestas patrias, este martes en punto de las 9 de la ma\u00f1ana se llevar\u00e1 a cabo el desfile c\u00edvico-militar por las principales calles de la ciudad, en el que se espera la participaci\u00f3n de m\u00e1s de dos mil personas en distintos contingentes.<\/p>\n","protected":false},"excerpt":{"rendered":"<p>Miles de familias se dieron cita en la explanada de la Presidencia Municipal de Delicias para disfrutar del Grito de Independencia, celebraci\u00f3n que encabez\u00f3 el alcalde Jes\u00fas Valenciano. Al un\u00edsono, los asistentes corearon el tradicional \u201c\u00a1Viva M\u00e9xico!\u201d, dando paso a un espect\u00e1culo de pirotecnia que ilumin\u00f3 y alegr\u00f3 el cielo de la ciudad. El ambiente festivo se acompa\u00f1\u00f3 de antojitos mexicanos, m\u00fasica de mariachi y la presentaci\u00f3n del grupo Los Vendavales, que pusieron a bailar y cantar a los presentes. La organizaci\u00f3n del evento estuvo a cargo del Gobierno Municipal de Delicias, como parte de los festejos por el 215 aniversario de la Independencia de M\u00e9xico. La ceremonia dio inicio con los honores a la bandera, a cargo de la Banda de Guerra del Instituto Tecnol\u00f3gico de Delicias y la escolta integrada por elementos del 66 Batall\u00f3n de Infanter\u00eda, lo que dio solemnidad y realce a la conmemoraci\u00f3n. Jes\u00fas Valenciano destac\u00f3 la importancia de mantener vivas las tradiciones que unen a las familias y fortalecen la identidad nacional, reiterando su compromiso de trabajar por un Delicias unido y con valores c\u00edvicos. Como parte de la agenda de las fiestas patrias, este martes en punto de las 9 de la ma\u00f1ana se llevar\u00e1 a cabo el desfile c\u00edvico-militar por las principales calles de la ciudad, en el que se espera la participaci\u00f3n de m\u00e1s de dos mil personas en distintos contingentes.<\/p>\n","protected":false},"author":2,"featured_media":17612,"comment_status":"open","ping_status":"open","sticky":false,"template":"","format":"standard","meta":{"_monsterinsights_skip_tracking":false,"_monsterinsights_sitenote_active":false,"_monsterinsights_sitenote_note":"","_monsterinsights_sitenote_category":0,"advanced_seo_description":"","jetpack_seo_html_title":"","jetpack_seo_noindex":false,"_jetpack_memberships_contains_paid_content":false,"footnotes":"","jetpack_publicize_message":"","jetpack_publicize_feature_enabled":true,"jetpack_social_post_already_shared":true,"jetpack_social_options":{"image_generator_settings":{"template":"highway","enabled":false},"version":2}},"categories":[135,7,11],"tags":[],"class_list":["post-17611","post","type-post","status-publish","format-standard","has-post-thumbnail","hentry","category-lo-mas-leido","category-local","category-principal"],"jetpack_publicize_connections":[],"jetpack_sharing_enabled":true,"jetpack_featured_media_url":"https:\/\/i0.wp.com\/alcierrenoticias.com\/wp-content\/uploads\/2025\/09\/WhatsApp-Image-2025-09-16-at-12.03.52-AM.jpeg?fit=1600%2C1066&ssl=1","amp_enabled":true,"_links":{"self":[{"href":"https:\/\/alcierrenoticias.com\/index.php\/wp-json\/wp\/v2\/posts\/17611","targetHints":{"allow":["GET"]}}],"collection":[{"href":"https:\/\/alcierrenoticias.com\/index.php\/wp-json\/wp\/v2\/posts"}],"about":[{"href":"https:\/\/alcierrenoticias.com\/index.php\/wp-json\/wp\/v2\/types\/post"}],"author":[{"embeddable":true,"href":"https:\/\/alcierrenoticias.com\/index.php\/wp-json\/wp\/v2\/users\/2"}],"replies":[{"embeddable":true,"href":"https:\/\/alcierrenoticias.com\/index.php\/wp-json\/wp\/v2\/comments?post=17611"}],"version-history":[{"count":2,"href":"https:\/\/alcierrenoticias.com\/index.php\/wp-json\/wp\/v2\/posts\/17611\/revisions"}],"predecessor-version":[{"id":17614,"href":"https:\/\/alcierrenoticias.com\/index.php\/wp-json\/wp\/v2\/posts\/17611\/revisions\/17614"}],"wp:featuredmedia":[{"embeddable":true,"href":"https:\/\/alcierrenoticias.com\/index.php\/wp-json\/wp\/v2\/media\/17612"}],"wp:attachment":[{"href":"https:\/\/alcierrenoticias.com\/index.php\/wp-json\/wp\/v2\/media?parent=17611"}],"wp:term":[{"taxonomy":"category","embeddable":true,"href":"https:\/\/alcierrenoticias.com\/index.php\/wp-json\/wp\/v2\/categories?post=17611"},{"taxonomy":"post_tag","embeddable":true,"href":"https:\/\/alcierrenoticias.com\/index.php\/wp-json\/wp\/v2\/tags?post=17611"}],"curies":[{"name":"wp","href":"https:\/\/api.w.org\/{rel}","templated":true}]}}