{"id":17595,"date":"2025-09-13T14:31:27","date_gmt":"2025-09-13T20:31:27","guid":{"rendered":"https:\/\/alcierrenoticias.com\/?p=17595"},"modified":"2025-09-16T13:33:23","modified_gmt":"2025-09-16T19:33:23","slug":"conmemoran-en-delicias-el-178-aniversario-de-los-ninos-heroes-en-la-glorieta-ninos-heroes","status":"publish","type":"post","link":"https:\/\/alcierrenoticias.com\/index.php\/2025\/09\/13\/conmemoran-en-delicias-el-178-aniversario-de-los-ninos-heroes-en-la-glorieta-ninos-heroes\/","title":{"rendered":"Conmemoran en Delicias el 178 aniversario de los Ni\u00f1os H\u00e9roes en la glorieta Ni\u00f1os H\u00e9roes."},"content":{"rendered":"<p>Con una ceremonia c\u00edvico-militar encabezada por el 66 Batall\u00f3n de Infanter\u00eda, el presidente municipal Jes\u00fas Valenciano Garc\u00eda, autoridades municipales, estudiantes y ciudadanos conmemoraron este 13 de septiembre el 178 aniversario de la Gesta Heroica de los Ni\u00f1os H\u00e9roes de Chapultepec, acto desarrollado en la glorieta Ni\u00f1os H\u00e9roes.<\/p>\n<p>El evento inici\u00f3 con los honores a la Bandera Nacional, que onde\u00f3 a media asta en se\u00f1al de respeto, seguido de la lectura alusiva al sacrificio de los j\u00f3venes cadetes que en 1847 defendieron el Castillo de Chapultepec frente a la invasi\u00f3n estadounidense. Posteriormente, los elementos del 66 Batall\u00f3n de Infanter\u00eda realizaron una salva de honor, que dio solemnidad al acto.<\/p>\n<p>La ceremonia cont\u00f3 con la presencia de estudiantes del Centro de Estudios de Bachillerato 6\/4 y de la Escuela Primaria Constituci\u00f3n, quienes acompa\u00f1aron con atenci\u00f3n y respeto el homenaje, en un esfuerzo por reforzar la identidad nacional y la importancia de los valores c\u00edvicos entre las nuevas generaciones.<\/p>\n<p>El presidente municipal encabez\u00f3 la ceremonia y en su mensaje resalt\u00f3 la trascendencia de mantener vivo el legado de los Ni\u00f1os H\u00e9roes, subrayando que su sacrificio representa un s\u00edmbolo de valor y patriotismo para M\u00e9xico.<\/p>\n<p>El acto concluy\u00f3 con un reconocimiento colectivo hacia la memoria de los cadetes que ofrendaron su vida por la patria, reafirmando la vigencia de este episodio hist\u00f3rico en la conciencia de los mexicanos.<\/p>\n","protected":false},"excerpt":{"rendered":"<p>Con una ceremonia c\u00edvico-militar encabezada por el 66 Batall\u00f3n de Infanter\u00eda, el presidente municipal Jes\u00fas Valenciano Garc\u00eda, autoridades municipales, estudiantes y ciudadanos conmemoraron este 13 de septiembre el 178 aniversario de la Gesta Heroica de los Ni\u00f1os H\u00e9roes de Chapultepec, acto desarrollado en la glorieta Ni\u00f1os H\u00e9roes. El evento inici\u00f3 con los honores a la Bandera Nacional, que onde\u00f3 a media asta en se\u00f1al de respeto, seguido de la lectura alusiva al sacrificio de los j\u00f3venes cadetes que en 1847 defendieron el Castillo de Chapultepec frente a la invasi\u00f3n estadounidense. Posteriormente, los elementos del 66 Batall\u00f3n de Infanter\u00eda realizaron una salva de honor, que dio solemnidad al acto. La ceremonia cont\u00f3 con la presencia de estudiantes del Centro de Estudios de Bachillerato 6\/4 y de la Escuela Primaria Constituci\u00f3n, quienes acompa\u00f1aron con atenci\u00f3n y respeto el homenaje, en un esfuerzo por reforzar la identidad nacional y la importancia de los valores c\u00edvicos entre las nuevas generaciones. El presidente municipal encabez\u00f3 la ceremonia y en su mensaje resalt\u00f3 la trascendencia de mantener vivo el legado de los Ni\u00f1os H\u00e9roes, subrayando que su sacrificio representa un s\u00edmbolo de valor y patriotismo para M\u00e9xico. El acto concluy\u00f3 con un reconocimiento colectivo hacia la memoria de los cadetes que ofrendaron su vida por la patria, reafirmando la vigencia de este episodio hist\u00f3rico en la conciencia de los mexicanos.<\/p>\n","protected":false},"author":2,"featured_media":17596,"comment_status":"open","ping_status":"open","sticky":false,"template":"","format":"standard","meta":{"_monsterinsights_skip_tracking":false,"_monsterinsights_sitenote_active":false,"_monsterinsights_sitenote_note":"","_monsterinsights_sitenote_category":0,"advanced_seo_description":"","jetpack_seo_html_title":"","jetpack_seo_noindex":false,"_jetpack_memberships_contains_paid_content":false,"footnotes":"","jetpack_publicize_message":"","jetpack_publicize_feature_enabled":true,"jetpack_social_post_already_shared":true,"jetpack_social_options":{"image_generator_settings":{"template":"highway","enabled":false},"version":2}},"categories":[135,7,11],"tags":[],"class_list":["post-17595","post","type-post","status-publish","format-standard","has-post-thumbnail","hentry","category-lo-mas-leido","category-local","category-principal"],"jetpack_publicize_connections":[],"jetpack_sharing_enabled":true,"jetpack_featured_media_url":"https:\/\/i0.wp.com\/alcierrenoticias.com\/wp-content\/uploads\/2025\/09\/WhatsApp-Image-2025-09-13-at-2.04.24-PM-1-scaled.jpeg?fit=2560%2C1920&ssl=1","amp_enabled":true,"_links":{"self":[{"href":"https:\/\/alcierrenoticias.com\/index.php\/wp-json\/wp\/v2\/posts\/17595","targetHints":{"allow":["GET"]}}],"collection":[{"href":"https:\/\/alcierrenoticias.com\/index.php\/wp-json\/wp\/v2\/posts"}],"about":[{"href":"https:\/\/alcierrenoticias.com\/index.php\/wp-json\/wp\/v2\/types\/post"}],"author":[{"embeddable":true,"href":"https:\/\/alcierrenoticias.com\/index.php\/wp-json\/wp\/v2\/users\/2"}],"replies":[{"embeddable":true,"href":"https:\/\/alcierrenoticias.com\/index.php\/wp-json\/wp\/v2\/comments?post=17595"}],"version-history":[{"count":2,"href":"https:\/\/alcierrenoticias.com\/index.php\/wp-json\/wp\/v2\/posts\/17595\/revisions"}],"predecessor-version":[{"id":17598,"href":"https:\/\/alcierrenoticias.com\/index.php\/wp-json\/wp\/v2\/posts\/17595\/revisions\/17598"}],"wp:featuredmedia":[{"embeddable":true,"href":"https:\/\/alcierrenoticias.com\/index.php\/wp-json\/wp\/v2\/media\/17596"}],"wp:attachment":[{"href":"https:\/\/alcierrenoticias.com\/index.php\/wp-json\/wp\/v2\/media?parent=17595"}],"wp:term":[{"taxonomy":"category","embeddable":true,"href":"https:\/\/alcierrenoticias.com\/index.php\/wp-json\/wp\/v2\/categories?post=17595"},{"taxonomy":"post_tag","embeddable":true,"href":"https:\/\/alcierrenoticias.com\/index.php\/wp-json\/wp\/v2\/tags?post=17595"}],"curies":[{"name":"wp","href":"https:\/\/api.w.org\/{rel}","templated":true}]}}