{"id":17583,"date":"2025-09-13T14:15:23","date_gmt":"2025-09-13T20:15:23","guid":{"rendered":"https:\/\/alcierrenoticias.com\/?p=17583"},"modified":"2025-09-16T13:18:08","modified_gmt":"2025-09-16T19:18:08","slug":"ofrece-tienda-hecho-en-meoqui-en-el-vado-mas-de-70-productos-artesanales-y-souvenirs","status":"publish","type":"post","link":"https:\/\/alcierrenoticias.com\/index.php\/2025\/09\/13\/ofrece-tienda-hecho-en-meoqui-en-el-vado-mas-de-70-productos-artesanales-y-souvenirs\/","title":{"rendered":"Ofrece tienda \u201cHecho en Meoqui\u201d en el vado m\u00e1s de 70 productos artesanales y souvenirs."},"content":{"rendered":"<p>Desde chorizo, pinole, nuez, hasta llaveros y camisetas con im\u00e1genes de &#8220;Monitos&#8221; y pel\u00edcanos<\/p>\n<p>Con el objetivo de impulsar la econom\u00eda local y promover la identidad del municipio, el Gobierno Municipal encabezado por la alcaldesa Miriam Soto en conjunto con Gobierno del Estado inaugur\u00f3 la tienda de productos regionales \u201cHecho en Meoqui\u201d, donde la poblaci\u00f3n y visitantes pueden encontrar m\u00e1s de 70 variedades de art\u00edculos elaborados en la regi\u00f3n por comerciantes locales.<\/p>\n<p>El director de Desarrollo Econ\u00f3mico y Turismo, Alan Mata, explic\u00f3 que este espacio est\u00e1 dividido en tres secciones como lo son productos de valor agregado, tales como salsas, dulces de leche, cacahuates y otros alimentos t\u00edpicos elaborados por emprendedores locales. Asimismo, productos que reflejan Identidad municipal, como tazas, playeras, gorras y r\u00e9plicas de \u00edconos que representan a Meoqui y finalmente Artesan\u00eda Rar\u00e1muri, con piezas elaboradas por cooperativas locales que trabajan tanto el ma\u00edz como diversas expresiones artesanales de esta etnia.<\/p>\n<p>El funcionario mencion\u00f3 que la tienda se ubica en la Zona del Vado, reconocida por su oferta restaurantera, y abre de mi\u00e9rcoles a domingo, en horarios de 10:00 a 13:00 horas y de 15:00 a 18:00 horas: \u201cEstamos muy agradecidos con la Secretar\u00eda de Desarrollo Rural de Gobierno del Estado por atender la gesti\u00f3n de nuestra alcaldesa para desarrollar esta infraestructura que impulsa la econom\u00eda familiar de emprendedores de Meoqui y la regi\u00f3n\u201d, destac\u00f3.<\/p>\n<p>Finalmente, Alan Mata invit\u00f3 a todos aquellos productores que a\u00fan no forman parte de este proyecto a sumarse a trav\u00e9s de las oficinas de Desarrollo Econ\u00f3mico y Turismo Municipal.<\/p>\n","protected":false},"excerpt":{"rendered":"<p>Desde chorizo, pinole, nuez, hasta llaveros y camisetas con im\u00e1genes de &#8220;Monitos&#8221; y pel\u00edcanos Con el objetivo de impulsar la econom\u00eda local y promover la identidad del municipio, el Gobierno Municipal encabezado por la alcaldesa Miriam Soto en conjunto con Gobierno del Estado inaugur\u00f3 la tienda de productos regionales \u201cHecho en Meoqui\u201d, donde la poblaci\u00f3n y visitantes pueden encontrar m\u00e1s de 70 variedades de art\u00edculos elaborados en la regi\u00f3n por comerciantes locales. El director de Desarrollo Econ\u00f3mico y Turismo, Alan Mata, explic\u00f3 que este espacio est\u00e1 dividido en tres secciones como lo son productos de valor agregado, tales como salsas, dulces de leche, cacahuates y otros alimentos t\u00edpicos elaborados por emprendedores locales. Asimismo, productos que reflejan Identidad municipal, como tazas, playeras, gorras y r\u00e9plicas de \u00edconos que representan a Meoqui y finalmente Artesan\u00eda Rar\u00e1muri, con piezas elaboradas por cooperativas locales que trabajan tanto el ma\u00edz como diversas expresiones artesanales de esta etnia. El funcionario mencion\u00f3 que la tienda se ubica en la Zona del Vado, reconocida por su oferta restaurantera, y abre de mi\u00e9rcoles a domingo, en horarios de 10:00 a 13:00 horas y de 15:00 a 18:00 horas: \u201cEstamos muy agradecidos con la Secretar\u00eda de Desarrollo Rural de Gobierno del Estado por atender la gesti\u00f3n de nuestra alcaldesa para desarrollar esta infraestructura que impulsa la econom\u00eda familiar de emprendedores de Meoqui y la regi\u00f3n\u201d, destac\u00f3. Finalmente, Alan Mata invit\u00f3 a todos aquellos productores que a\u00fan no forman parte de este proyecto a sumarse a trav\u00e9s de las oficinas de Desarrollo Econ\u00f3mico y Turismo Municipal.<\/p>\n","protected":false},"author":2,"featured_media":17585,"comment_status":"open","ping_status":"open","sticky":false,"template":"","format":"standard","meta":{"_monsterinsights_skip_tracking":false,"_monsterinsights_sitenote_active":false,"_monsterinsights_sitenote_note":"","_monsterinsights_sitenote_category":0,"advanced_seo_description":"","jetpack_seo_html_title":"","jetpack_seo_noindex":false,"_jetpack_memberships_contains_paid_content":false,"footnotes":"","jetpack_publicize_message":"","jetpack_publicize_feature_enabled":true,"jetpack_social_post_already_shared":true,"jetpack_social_options":{"image_generator_settings":{"template":"highway","enabled":false},"version":2}},"categories":[135,7,11],"tags":[],"class_list":["post-17583","post","type-post","status-publish","format-standard","has-post-thumbnail","hentry","category-lo-mas-leido","category-local","category-principal"],"jetpack_publicize_connections":[],"jetpack_sharing_enabled":true,"jetpack_featured_media_url":"https:\/\/i0.wp.com\/alcierrenoticias.com\/wp-content\/uploads\/2025\/09\/WhatsApp-Image-2025-09-13-at-2.03.39-PM-1.jpeg?fit=1280%2C853&ssl=1","amp_enabled":true,"_links":{"self":[{"href":"https:\/\/alcierrenoticias.com\/index.php\/wp-json\/wp\/v2\/posts\/17583","targetHints":{"allow":["GET"]}}],"collection":[{"href":"https:\/\/alcierrenoticias.com\/index.php\/wp-json\/wp\/v2\/posts"}],"about":[{"href":"https:\/\/alcierrenoticias.com\/index.php\/wp-json\/wp\/v2\/types\/post"}],"author":[{"embeddable":true,"href":"https:\/\/alcierrenoticias.com\/index.php\/wp-json\/wp\/v2\/users\/2"}],"replies":[{"embeddable":true,"href":"https:\/\/alcierrenoticias.com\/index.php\/wp-json\/wp\/v2\/comments?post=17583"}],"version-history":[{"count":1,"href":"https:\/\/alcierrenoticias.com\/index.php\/wp-json\/wp\/v2\/posts\/17583\/revisions"}],"predecessor-version":[{"id":17586,"href":"https:\/\/alcierrenoticias.com\/index.php\/wp-json\/wp\/v2\/posts\/17583\/revisions\/17586"}],"wp:featuredmedia":[{"embeddable":true,"href":"https:\/\/alcierrenoticias.com\/index.php\/wp-json\/wp\/v2\/media\/17585"}],"wp:attachment":[{"href":"https:\/\/alcierrenoticias.com\/index.php\/wp-json\/wp\/v2\/media?parent=17583"}],"wp:term":[{"taxonomy":"category","embeddable":true,"href":"https:\/\/alcierrenoticias.com\/index.php\/wp-json\/wp\/v2\/categories?post=17583"},{"taxonomy":"post_tag","embeddable":true,"href":"https:\/\/alcierrenoticias.com\/index.php\/wp-json\/wp\/v2\/tags?post=17583"}],"curies":[{"name":"wp","href":"https:\/\/api.w.org\/{rel}","templated":true}]}}