{"id":17579,"date":"2025-09-12T17:03:29","date_gmt":"2025-09-12T23:03:29","guid":{"rendered":"https:\/\/alcierrenoticias.com\/?p=17579"},"modified":"2025-09-13T10:06:22","modified_gmt":"2025-09-13T16:06:22","slug":"concientizan-en-meoqui-a-mas-de-mil-alumnos-en-el-foro-juvenil-lo-que-no-te-cuentan","status":"publish","type":"post","link":"https:\/\/alcierrenoticias.com\/index.php\/2025\/09\/12\/concientizan-en-meoqui-a-mas-de-mil-alumnos-en-el-foro-juvenil-lo-que-no-te-cuentan\/","title":{"rendered":"Concientizan en Meoqui a m\u00e1s de mil alumnos en el Foro Juvenil \u201cLo que no te Cuentan&#8221;."},"content":{"rendered":"<p>Ante la presencia de estudiantes de la Secundaria T\u00e9cnica 39 y Familia Stege, cuatro j\u00f3venes compartieron sus experiencias de vida<\/p>\n<p>En Meoqui, con la participaci\u00f3n m\u00e1s de mil estudiantes de la Secundaria T\u00e9cnica No. 39 y de la Secundaria Familia Stege 3026, se llev\u00f3 a cabo en el Gimnasio Municipal Carlos Stege el Foro Juvenil \u201cLo que no te Cuentan\u201d, contando con 4 panelistas j\u00f3venes quienes dieron testimonio de su vida buscando inspirar a las nuevas generaciones y compartir el mensaje, que cada acci\u00f3n afecta en sus vidas.<\/p>\n<p>La directora de la Instancia Municipal de Atenci\u00f3n a la Mujer, Mar\u00eda del Refugio Silva Uranga, explic\u00f3 que este espacio busca dar continuidad a las inquietudes planteadas por los j\u00f3venes en una encuesta aplicada el ciclo escolar anterior a m\u00e1s de 2 mil estudiantes de secundaria y preparatoria en coordinaci\u00f3n con FICOSEC: \u201cPor encargo de la alcaldesa Miriam Soto, tenemos el compromiso de atender las dudas y preocupaciones de los adolescentes. En este foro son los propios j\u00f3venes quienes comparten sus experiencias personales, lo que permite ver las cosas desde su perspectiva\u201d, se\u00f1al\u00f3.<\/p>\n<p>Cabe mencionar que estas acciones corresponden al Grupo Municipal de Prevenci\u00f3n de Embarazo en Adolescentes, que, aunque su objetivo principal es la prevenci\u00f3n del embarazo en adolescentes, se abordan tambi\u00e9n otros temas que preocupan a la juventud, con el fin de generar un acompa\u00f1amiento integral.<\/p>\n<p>Finalmente, la directora de la Instancia de la Mujer, dio a conocer que continuar\u00e1n estas acciones con base en los resultados de las encuestas anteriormente mencionadas, sumando esfuerzos con el sector educativo y salud<\/p>\n","protected":false},"excerpt":{"rendered":"<p>Ante la presencia de estudiantes de la Secundaria T\u00e9cnica 39 y Familia Stege, cuatro j\u00f3venes compartieron sus experiencias de vida En Meoqui, con la participaci\u00f3n m\u00e1s de mil estudiantes de la Secundaria T\u00e9cnica No. 39 y de la Secundaria Familia Stege 3026, se llev\u00f3 a cabo en el Gimnasio Municipal Carlos Stege el Foro Juvenil \u201cLo que no te Cuentan\u201d, contando con 4 panelistas j\u00f3venes quienes dieron testimonio de su vida buscando inspirar a las nuevas generaciones y compartir el mensaje, que cada acci\u00f3n afecta en sus vidas. La directora de la Instancia Municipal de Atenci\u00f3n a la Mujer, Mar\u00eda del Refugio Silva Uranga, explic\u00f3 que este espacio busca dar continuidad a las inquietudes planteadas por los j\u00f3venes en una encuesta aplicada el ciclo escolar anterior a m\u00e1s de 2 mil estudiantes de secundaria y preparatoria en coordinaci\u00f3n con FICOSEC: \u201cPor encargo de la alcaldesa Miriam Soto, tenemos el compromiso de atender las dudas y preocupaciones de los adolescentes. En este foro son los propios j\u00f3venes quienes comparten sus experiencias personales, lo que permite ver las cosas desde su perspectiva\u201d, se\u00f1al\u00f3. Cabe mencionar que estas acciones corresponden al Grupo Municipal de Prevenci\u00f3n de Embarazo en Adolescentes, que, aunque su objetivo principal es la prevenci\u00f3n del embarazo en adolescentes, se abordan tambi\u00e9n otros temas que preocupan a la juventud, con el fin de generar un acompa\u00f1amiento integral. Finalmente, la directora de la Instancia de la Mujer, dio a conocer que continuar\u00e1n estas acciones con base en los resultados de las encuestas anteriormente mencionadas, sumando esfuerzos con el sector educativo y salud<\/p>\n","protected":false},"author":2,"featured_media":17580,"comment_status":"open","ping_status":"open","sticky":false,"template":"","format":"standard","meta":{"_monsterinsights_skip_tracking":false,"_monsterinsights_sitenote_active":false,"_monsterinsights_sitenote_note":"","_monsterinsights_sitenote_category":0,"advanced_seo_description":"","jetpack_seo_html_title":"","jetpack_seo_noindex":false,"_jetpack_memberships_contains_paid_content":false,"footnotes":"","jetpack_publicize_message":"","jetpack_publicize_feature_enabled":true,"jetpack_social_post_already_shared":true,"jetpack_social_options":{"image_generator_settings":{"template":"highway","enabled":false},"version":2}},"categories":[135,7,11],"tags":[],"class_list":["post-17579","post","type-post","status-publish","format-standard","has-post-thumbnail","hentry","category-lo-mas-leido","category-local","category-principal"],"jetpack_publicize_connections":[],"jetpack_sharing_enabled":true,"jetpack_featured_media_url":"https:\/\/i0.wp.com\/alcierrenoticias.com\/wp-content\/uploads\/2025\/09\/WhatsApp-Image-2025-09-12-at-4.57.03-PM.jpeg?fit=1280%2C853&ssl=1","amp_enabled":true,"_links":{"self":[{"href":"https:\/\/alcierrenoticias.com\/index.php\/wp-json\/wp\/v2\/posts\/17579","targetHints":{"allow":["GET"]}}],"collection":[{"href":"https:\/\/alcierrenoticias.com\/index.php\/wp-json\/wp\/v2\/posts"}],"about":[{"href":"https:\/\/alcierrenoticias.com\/index.php\/wp-json\/wp\/v2\/types\/post"}],"author":[{"embeddable":true,"href":"https:\/\/alcierrenoticias.com\/index.php\/wp-json\/wp\/v2\/users\/2"}],"replies":[{"embeddable":true,"href":"https:\/\/alcierrenoticias.com\/index.php\/wp-json\/wp\/v2\/comments?post=17579"}],"version-history":[{"count":2,"href":"https:\/\/alcierrenoticias.com\/index.php\/wp-json\/wp\/v2\/posts\/17579\/revisions"}],"predecessor-version":[{"id":17582,"href":"https:\/\/alcierrenoticias.com\/index.php\/wp-json\/wp\/v2\/posts\/17579\/revisions\/17582"}],"wp:featuredmedia":[{"embeddable":true,"href":"https:\/\/alcierrenoticias.com\/index.php\/wp-json\/wp\/v2\/media\/17580"}],"wp:attachment":[{"href":"https:\/\/alcierrenoticias.com\/index.php\/wp-json\/wp\/v2\/media?parent=17579"}],"wp:term":[{"taxonomy":"category","embeddable":true,"href":"https:\/\/alcierrenoticias.com\/index.php\/wp-json\/wp\/v2\/categories?post=17579"},{"taxonomy":"post_tag","embeddable":true,"href":"https:\/\/alcierrenoticias.com\/index.php\/wp-json\/wp\/v2\/tags?post=17579"}],"curies":[{"name":"wp","href":"https:\/\/api.w.org\/{rel}","templated":true}]}}