{"id":17573,"date":"2025-09-12T14:07:33","date_gmt":"2025-09-12T20:07:33","guid":{"rendered":"https:\/\/alcierrenoticias.com\/?p=17573"},"modified":"2025-09-13T10:02:52","modified_gmt":"2025-09-13T16:02:52","slug":"respaldan-camarguenses-al-presidente-jorge-aldana-en-la-presentacion-del-primer-informe-de-gobierno","status":"publish","type":"post","link":"https:\/\/alcierrenoticias.com\/index.php\/2025\/09\/12\/respaldan-camarguenses-al-presidente-jorge-aldana-en-la-presentacion-del-primer-informe-de-gobierno\/","title":{"rendered":"Respaldan camarguenses al presidente Jorge Aldana en la presentaci\u00f3n del Primer Informe de Gobierno."},"content":{"rendered":"<p>Con la asistencia de m\u00e1s de mil personas, el presidente municipal de Camargo, Jorge Aldana, rindi\u00f3 su Primer Informe de Trabajo de la administraci\u00f3n 2024-2027, en un evento realizado en el auditorio municipal.<\/p>\n<p>El acto fue un \u00e9xito rotundo, contando con la presencia de destacadas personalidades como la presidenta estatal del Partido Acci\u00f3n Nacional, Daniela \u00c1lvarez; el secretario de Salud, Gilberto Baeza, en representaci\u00f3n de la gobernadora Maru Campos; la magistrada Claudia Ju\u00e1rez Porras, as\u00ed como diversos alcaldes de municipios vecinos que se sumaron a esta importante jornada.<\/p>\n<p>Durante su mensaje, Jorge Aldana destac\u00f3 los avances alcanzados en este primer a\u00f1o de trabajo y refrend\u00f3 su compromiso con el desarrollo de Camargo, subrayando que este informe es una muestra del esfuerzo conjunto entre sociedad y gobierno.<\/p>\n<p>La gran participaci\u00f3n ciudadana y la presencia de l\u00edderes estatales y regionales reflejan el respaldo al trabajo que se ha venido realizando, consolidando as\u00ed un inicio s\u00f3lido para la administraci\u00f3n 2024-2027.<\/p>\n","protected":false},"excerpt":{"rendered":"<p>Con la asistencia de m\u00e1s de mil personas, el presidente municipal de Camargo, Jorge Aldana, rindi\u00f3 su Primer Informe de Trabajo de la administraci\u00f3n 2024-2027, en un evento realizado en el auditorio municipal. El acto fue un \u00e9xito rotundo, contando con la presencia de destacadas personalidades como la presidenta estatal del Partido Acci\u00f3n Nacional, Daniela \u00c1lvarez; el secretario de Salud, Gilberto Baeza, en representaci\u00f3n de la gobernadora Maru Campos; la magistrada Claudia Ju\u00e1rez Porras, as\u00ed como diversos alcaldes de municipios vecinos que se sumaron a esta importante jornada. Durante su mensaje, Jorge Aldana destac\u00f3 los avances alcanzados en este primer a\u00f1o de trabajo y refrend\u00f3 su compromiso con el desarrollo de Camargo, subrayando que este informe es una muestra del esfuerzo conjunto entre sociedad y gobierno. La gran participaci\u00f3n ciudadana y la presencia de l\u00edderes estatales y regionales reflejan el respaldo al trabajo que se ha venido realizando, consolidando as\u00ed un inicio s\u00f3lido para la administraci\u00f3n 2024-2027.<\/p>\n","protected":false},"author":2,"featured_media":17574,"comment_status":"open","ping_status":"open","sticky":false,"template":"","format":"standard","meta":{"_monsterinsights_skip_tracking":false,"_monsterinsights_sitenote_active":false,"_monsterinsights_sitenote_note":"","_monsterinsights_sitenote_category":0,"advanced_seo_description":"","jetpack_seo_html_title":"","jetpack_seo_noindex":false,"_jetpack_memberships_contains_paid_content":false,"footnotes":"","jetpack_publicize_message":"","jetpack_publicize_feature_enabled":true,"jetpack_social_post_already_shared":true,"jetpack_social_options":{"image_generator_settings":{"template":"highway","enabled":false},"version":2}},"categories":[8,135,11],"tags":[],"class_list":["post-17573","post","type-post","status-publish","format-standard","has-post-thumbnail","hentry","category-estado","category-lo-mas-leido","category-principal"],"jetpack_publicize_connections":[],"jetpack_sharing_enabled":true,"jetpack_featured_media_url":"https:\/\/i0.wp.com\/alcierrenoticias.com\/wp-content\/uploads\/2025\/09\/WhatsApp-Image-2025-09-12-at-1.34.35-PM.jpeg?fit=1600%2C1066&ssl=1","amp_enabled":true,"_links":{"self":[{"href":"https:\/\/alcierrenoticias.com\/index.php\/wp-json\/wp\/v2\/posts\/17573","targetHints":{"allow":["GET"]}}],"collection":[{"href":"https:\/\/alcierrenoticias.com\/index.php\/wp-json\/wp\/v2\/posts"}],"about":[{"href":"https:\/\/alcierrenoticias.com\/index.php\/wp-json\/wp\/v2\/types\/post"}],"author":[{"embeddable":true,"href":"https:\/\/alcierrenoticias.com\/index.php\/wp-json\/wp\/v2\/users\/2"}],"replies":[{"embeddable":true,"href":"https:\/\/alcierrenoticias.com\/index.php\/wp-json\/wp\/v2\/comments?post=17573"}],"version-history":[{"count":1,"href":"https:\/\/alcierrenoticias.com\/index.php\/wp-json\/wp\/v2\/posts\/17573\/revisions"}],"predecessor-version":[{"id":17575,"href":"https:\/\/alcierrenoticias.com\/index.php\/wp-json\/wp\/v2\/posts\/17573\/revisions\/17575"}],"wp:featuredmedia":[{"embeddable":true,"href":"https:\/\/alcierrenoticias.com\/index.php\/wp-json\/wp\/v2\/media\/17574"}],"wp:attachment":[{"href":"https:\/\/alcierrenoticias.com\/index.php\/wp-json\/wp\/v2\/media?parent=17573"}],"wp:term":[{"taxonomy":"category","embeddable":true,"href":"https:\/\/alcierrenoticias.com\/index.php\/wp-json\/wp\/v2\/categories?post=17573"},{"taxonomy":"post_tag","embeddable":true,"href":"https:\/\/alcierrenoticias.com\/index.php\/wp-json\/wp\/v2\/tags?post=17573"}],"curies":[{"name":"wp","href":"https:\/\/api.w.org\/{rel}","templated":true}]}}