{"id":17570,"date":"2025-09-12T11:20:48","date_gmt":"2025-09-12T17:20:48","guid":{"rendered":"https:\/\/alcierrenoticias.com\/?p=17570"},"modified":"2025-09-13T10:03:12","modified_gmt":"2025-09-13T16:03:12","slug":"tony-melendez-participa-en-encuentro-con-la-union-ganadera-de-chihuahua-anuncia-respaldo-conjunto-al-sector","status":"publish","type":"post","link":"https:\/\/alcierrenoticias.com\/index.php\/2025\/09\/12\/tony-melendez-participa-en-encuentro-con-la-union-ganadera-de-chihuahua-anuncia-respaldo-conjunto-al-sector\/","title":{"rendered":"Tony Mel\u00e9ndez participa en Encuentro con la Uni\u00f3n Ganadera de Chihuahua; anuncia respaldo conjunto al sector."},"content":{"rendered":"<p>El diputado federal Tony Mel\u00e9ndez dio a conocer que se llev\u00f3 a cabo un encuentro con la Uni\u00f3n Ganadera del Estado de Chihuahua, en el que se anunci\u00f3 la conformaci\u00f3n de un bloque com\u00fan con la participaci\u00f3n de todas las fracciones parlamentarias, con el objetivo de respaldar al sector ganadero chihuahuense para promover soluciones reales y atender las necesidades m\u00e1s urgentes.<\/p>\n<p>Mel\u00e9ndez destac\u00f3 que fue invitado por la directiva de la Uni\u00f3n Ganadera para fungir como interlocutor ante la C\u00e1mara de Diputados, en coordinaci\u00f3n con el grupo parlamentario del PRI, el cu\u00e1l es coordinado por el diputado Rub\u00e9n Moreira Vald\u00e9s.<\/p>\n<p>Subray\u00f3 que los integrantes de la Comisi\u00f3n de Ganader\u00eda cuentan con facultades para exponer ante el pleno las problem\u00e1ticas del sector, entre ellas la presencia de plagas que afectan al ganado, la inseguridad en las zonas rurales y la introducci\u00f3n de carne y ganado extranjero que impacta directamente a los productores locales.<\/p>\n<p>\u201cEl secretario Berdegu\u00e9 hizo declaraciones en el Foro Agroalimentario en relaci\u00f3n a que la problem\u00e1tica del gusano barrenador del ganado era una situaci\u00f3n que estaba totalmente controlada, cosa que obviamente pensamos de manera diferente, pues vemos que la problem\u00e1tica ha avanzado de una manera extraordinaria. Externa tambi\u00e9n que no es responsabilidad del Gobierno Federal el cerrar la frontera sur para la introducci\u00f3n de ganado de pa\u00edses de Centroam\u00e9rica, tambi\u00e9n ah\u00ed pensamos de manera diferente, el Gobierno Federal es el responsable directo para poder atacar esta situaci\u00f3n\u201d, expres\u00f3 Mel\u00e9ndez.<\/p>\n<p>Asimismo, expres\u00f3 su preocupaci\u00f3n por una reducci\u00f3n presupuestal de casi un cuatro por ciento prevista para la Secretar\u00eda de Desarrollo Rural en el pr\u00f3ximo a\u00f1o, lo que podr\u00eda dificultar la operaci\u00f3n de programas federales en apoyo a la ganader\u00eda y apunt\u00f3 que los ganaderos solicitan la intercesi\u00f3n ante las autoridades competentes ante la ola de inseguridad que se vive a nivel nacional, \u201cellos en su actividad tambi\u00e9n tienden a ser de alguna manera violentados, en el caminar a sus lugares de origen o a los ranchos, tienen temor de ser atacados por los grupos del crimen organizado\u201d.<\/p>\n<p>Finalmente, Mel\u00e9ndez adelant\u00f3 que se llevar\u00e1n a cabo nuevas reuniones en fechas pr\u00f3ximas, en las que los ganaderos presentar\u00e1n datos espec\u00edficos sobre ventas, producci\u00f3n y necesidades, con el fin de impulsar gestiones concretas.<\/p>\n<p>Se destac\u00f3 que en el encuentro tambi\u00e9n estuvieron presentes el presidente estatal del PRI y diputado federal, Alejandro Dom\u00ednguez; el diputado federal Noel Ch\u00e1vez; el senador Mario V\u00e1zquez; la diputada Manque Granados; y el diputado Agust\u00edn Rodr\u00edguez del estado de Sonora.<\/p>\n","protected":false},"excerpt":{"rendered":"<p>El diputado federal Tony Mel\u00e9ndez dio a conocer que se llev\u00f3 a cabo un encuentro con la Uni\u00f3n Ganadera del Estado de Chihuahua, en el que se anunci\u00f3 la conformaci\u00f3n de un bloque com\u00fan con la participaci\u00f3n de todas las fracciones parlamentarias, con el objetivo de respaldar al sector ganadero chihuahuense para promover soluciones reales y atender las necesidades m\u00e1s urgentes. Mel\u00e9ndez destac\u00f3 que fue invitado por la directiva de la Uni\u00f3n Ganadera para fungir como interlocutor ante la C\u00e1mara de Diputados, en coordinaci\u00f3n con el grupo parlamentario del PRI, el cu\u00e1l es coordinado por el diputado Rub\u00e9n Moreira Vald\u00e9s. Subray\u00f3 que los integrantes de la Comisi\u00f3n de Ganader\u00eda cuentan con facultades para exponer ante el pleno las problem\u00e1ticas del sector, entre ellas la presencia de plagas que afectan al ganado, la inseguridad en las zonas rurales y la introducci\u00f3n de carne y ganado extranjero que impacta directamente a los productores locales. \u201cEl secretario Berdegu\u00e9 hizo declaraciones en el Foro Agroalimentario en relaci\u00f3n a que la problem\u00e1tica del gusano barrenador del ganado era una situaci\u00f3n que estaba totalmente controlada, cosa que obviamente pensamos de manera diferente, pues vemos que la problem\u00e1tica ha avanzado de una manera extraordinaria. Externa tambi\u00e9n que no es responsabilidad del Gobierno Federal el cerrar la frontera sur para la introducci\u00f3n de ganado de pa\u00edses de Centroam\u00e9rica, tambi\u00e9n ah\u00ed pensamos de manera diferente, el Gobierno Federal es el responsable directo para poder atacar esta situaci\u00f3n\u201d, expres\u00f3 Mel\u00e9ndez. Asimismo, expres\u00f3 su preocupaci\u00f3n por una reducci\u00f3n presupuestal de casi un cuatro por ciento prevista para la Secretar\u00eda de Desarrollo Rural en el pr\u00f3ximo a\u00f1o, lo que podr\u00eda dificultar la operaci\u00f3n de programas federales en apoyo a la ganader\u00eda y apunt\u00f3 que los ganaderos solicitan la intercesi\u00f3n ante las autoridades competentes ante la ola de inseguridad que se vive a nivel nacional, \u201cellos en su actividad tambi\u00e9n tienden a ser de alguna manera violentados, en el caminar a sus lugares de origen o a los ranchos, tienen temor de ser atacados por los grupos del crimen organizado\u201d. Finalmente, Mel\u00e9ndez adelant\u00f3 que se llevar\u00e1n a cabo nuevas reuniones en fechas pr\u00f3ximas, en las que los ganaderos presentar\u00e1n datos espec\u00edficos sobre ventas, producci\u00f3n y necesidades, con el fin de impulsar gestiones concretas. Se destac\u00f3 que en el encuentro tambi\u00e9n estuvieron presentes el presidente estatal del PRI y diputado federal, Alejandro Dom\u00ednguez; el diputado federal Noel Ch\u00e1vez; el senador Mario V\u00e1zquez; la diputada Manque Granados; y el diputado Agust\u00edn Rodr\u00edguez del estado de Sonora.<\/p>\n","protected":false},"author":2,"featured_media":17571,"comment_status":"open","ping_status":"open","sticky":false,"template":"","format":"standard","meta":{"_monsterinsights_skip_tracking":false,"_monsterinsights_sitenote_active":false,"_monsterinsights_sitenote_note":"","_monsterinsights_sitenote_category":0,"advanced_seo_description":"","jetpack_seo_html_title":"","jetpack_seo_noindex":false,"_jetpack_memberships_contains_paid_content":false,"footnotes":"","jetpack_publicize_message":"","jetpack_publicize_feature_enabled":true,"jetpack_social_post_already_shared":true,"jetpack_social_options":{"image_generator_settings":{"template":"highway","enabled":false},"version":2}},"categories":[8,135,11],"tags":[],"class_list":["post-17570","post","type-post","status-publish","format-standard","has-post-thumbnail","hentry","category-estado","category-lo-mas-leido","category-principal"],"jetpack_publicize_connections":[],"jetpack_sharing_enabled":true,"jetpack_featured_media_url":"https:\/\/i0.wp.com\/alcierrenoticias.com\/wp-content\/uploads\/2025\/09\/WhatsApp-Image-2025-09-12-at-10.11.59-AM.jpeg?fit=1280%2C720&ssl=1","amp_enabled":true,"_links":{"self":[{"href":"https:\/\/alcierrenoticias.com\/index.php\/wp-json\/wp\/v2\/posts\/17570","targetHints":{"allow":["GET"]}}],"collection":[{"href":"https:\/\/alcierrenoticias.com\/index.php\/wp-json\/wp\/v2\/posts"}],"about":[{"href":"https:\/\/alcierrenoticias.com\/index.php\/wp-json\/wp\/v2\/types\/post"}],"author":[{"embeddable":true,"href":"https:\/\/alcierrenoticias.com\/index.php\/wp-json\/wp\/v2\/users\/2"}],"replies":[{"embeddable":true,"href":"https:\/\/alcierrenoticias.com\/index.php\/wp-json\/wp\/v2\/comments?post=17570"}],"version-history":[{"count":1,"href":"https:\/\/alcierrenoticias.com\/index.php\/wp-json\/wp\/v2\/posts\/17570\/revisions"}],"predecessor-version":[{"id":17572,"href":"https:\/\/alcierrenoticias.com\/index.php\/wp-json\/wp\/v2\/posts\/17570\/revisions\/17572"}],"wp:featuredmedia":[{"embeddable":true,"href":"https:\/\/alcierrenoticias.com\/index.php\/wp-json\/wp\/v2\/media\/17571"}],"wp:attachment":[{"href":"https:\/\/alcierrenoticias.com\/index.php\/wp-json\/wp\/v2\/media?parent=17570"}],"wp:term":[{"taxonomy":"category","embeddable":true,"href":"https:\/\/alcierrenoticias.com\/index.php\/wp-json\/wp\/v2\/categories?post=17570"},{"taxonomy":"post_tag","embeddable":true,"href":"https:\/\/alcierrenoticias.com\/index.php\/wp-json\/wp\/v2\/tags?post=17570"}],"curies":[{"name":"wp","href":"https:\/\/api.w.org\/{rel}","templated":true}]}}