{"id":17567,"date":"2025-09-11T21:35:53","date_gmt":"2025-09-12T03:35:53","guid":{"rendered":"https:\/\/alcierrenoticias.com\/?p=17567"},"modified":"2025-09-13T09:37:32","modified_gmt":"2025-09-13T15:37:32","slug":"refuerzan-padres-y-autoridades-plan-conjunto-de-seguridad-en-la-secundaria-tecnica-52","status":"publish","type":"post","link":"https:\/\/alcierrenoticias.com\/index.php\/2025\/09\/11\/refuerzan-padres-y-autoridades-plan-conjunto-de-seguridad-en-la-secundaria-tecnica-52\/","title":{"rendered":"Refuerzan padres y autoridades plan conjunto de seguridad en la Secundaria T\u00e9cnica 52."},"content":{"rendered":"<p>En una reuni\u00f3n general de padres de familia celebrada en el gimnasio del plantel, la directora de la Secundaria T\u00e9cnica No. 52 dio lectura a los acuerdos alcanzados entre autoridades educativas y de seguridad, con el fin de garantizar un entorno m\u00e1s seguro para estudiantes, docentes y la comunidad escolar.<\/p>\n<p>Entre los primeros puntos se estableci\u00f3 la vigilancia permanente del personal de la instituci\u00f3n en \u00e1reas clave como ba\u00f1os, cafeter\u00eda y laboratorios, as\u00ed como rondines y acompa\u00f1amiento en la entrada y salida por parte del Departamento de Seguridad P\u00fablica.<\/p>\n<p>De igual forma, se inform\u00f3 que de manera inmediata se implementar\u00e1 el Protocolo de Intervenci\u00f3n para la Protecci\u00f3n y Seguridad Escolar, con apoyo del Grupo K-9 y la Secretar\u00eda de Seguridad Estatal, con el objetivo de reforzar la tranquilidad dentro del plantel.<\/p>\n<p>Los acuerdos tambi\u00e9n contemplan la continuidad de pl\u00e1ticas preventivas coordinadas por los distintos niveles de gobierno, enfocadas en la prevenci\u00f3n de la violencia y la capacitaci\u00f3n para responder ante situaciones de emergencia. En ellas participar\u00e1n instancias como Desarrollo Humano y Bien Com\u00fan del Municipio, FICOSEC, FECHAC, SEECH, D.A.R.E. y la CNDH, adem\u00e1s de la integraci\u00f3n de brigadas escolares para gestionar procesos restaurativos en casos de violencia.<\/p>\n<p>Finalmente, se determin\u00f3 la capacitaci\u00f3n del personal en primeros auxilios, el apoyo de Protecci\u00f3n Civil en mejoras a la escuela, as\u00ed como la gesti\u00f3n de un recurso de enfermer\u00eda ante Servicios Educativos del Estado y la Asociaci\u00f3n de Padres de Familia, con el prop\u00f3sito de fortalecer la atenci\u00f3n y cuidado de los alumnos.<\/p>\n","protected":false},"excerpt":{"rendered":"<p>En una reuni\u00f3n general de padres de familia celebrada en el gimnasio del plantel, la directora de la Secundaria T\u00e9cnica No. 52 dio lectura a los acuerdos alcanzados entre autoridades educativas y de seguridad, con el fin de garantizar un entorno m\u00e1s seguro para estudiantes, docentes y la comunidad escolar. Entre los primeros puntos se estableci\u00f3 la vigilancia permanente del personal de la instituci\u00f3n en \u00e1reas clave como ba\u00f1os, cafeter\u00eda y laboratorios, as\u00ed como rondines y acompa\u00f1amiento en la entrada y salida por parte del Departamento de Seguridad P\u00fablica. De igual forma, se inform\u00f3 que de manera inmediata se implementar\u00e1 el Protocolo de Intervenci\u00f3n para la Protecci\u00f3n y Seguridad Escolar, con apoyo del Grupo K-9 y la Secretar\u00eda de Seguridad Estatal, con el objetivo de reforzar la tranquilidad dentro del plantel. Los acuerdos tambi\u00e9n contemplan la continuidad de pl\u00e1ticas preventivas coordinadas por los distintos niveles de gobierno, enfocadas en la prevenci\u00f3n de la violencia y la capacitaci\u00f3n para responder ante situaciones de emergencia. En ellas participar\u00e1n instancias como Desarrollo Humano y Bien Com\u00fan del Municipio, FICOSEC, FECHAC, SEECH, D.A.R.E. y la CNDH, adem\u00e1s de la integraci\u00f3n de brigadas escolares para gestionar procesos restaurativos en casos de violencia. Finalmente, se determin\u00f3 la capacitaci\u00f3n del personal en primeros auxilios, el apoyo de Protecci\u00f3n Civil en mejoras a la escuela, as\u00ed como la gesti\u00f3n de un recurso de enfermer\u00eda ante Servicios Educativos del Estado y la Asociaci\u00f3n de Padres de Familia, con el prop\u00f3sito de fortalecer la atenci\u00f3n y cuidado de los alumnos.<\/p>\n","protected":false},"author":2,"featured_media":17568,"comment_status":"open","ping_status":"open","sticky":false,"template":"","format":"standard","meta":{"_monsterinsights_skip_tracking":false,"_monsterinsights_sitenote_active":false,"_monsterinsights_sitenote_note":"","_monsterinsights_sitenote_category":0,"advanced_seo_description":"","jetpack_seo_html_title":"","jetpack_seo_noindex":false,"_jetpack_memberships_contains_paid_content":false,"footnotes":"","jetpack_publicize_message":"","jetpack_publicize_feature_enabled":true,"jetpack_social_post_already_shared":true,"jetpack_social_options":{"image_generator_settings":{"template":"highway","enabled":false},"version":2}},"categories":[135,7,11],"tags":[],"class_list":["post-17567","post","type-post","status-publish","format-standard","has-post-thumbnail","hentry","category-lo-mas-leido","category-local","category-principal"],"jetpack_publicize_connections":[],"jetpack_sharing_enabled":true,"jetpack_featured_media_url":"https:\/\/i0.wp.com\/alcierrenoticias.com\/wp-content\/uploads\/2025\/09\/WhatsApp-Image-2025-09-11-at-11.07.52-PM-scaled.jpeg?fit=2560%2C1920&ssl=1","amp_enabled":true,"_links":{"self":[{"href":"https:\/\/alcierrenoticias.com\/index.php\/wp-json\/wp\/v2\/posts\/17567","targetHints":{"allow":["GET"]}}],"collection":[{"href":"https:\/\/alcierrenoticias.com\/index.php\/wp-json\/wp\/v2\/posts"}],"about":[{"href":"https:\/\/alcierrenoticias.com\/index.php\/wp-json\/wp\/v2\/types\/post"}],"author":[{"embeddable":true,"href":"https:\/\/alcierrenoticias.com\/index.php\/wp-json\/wp\/v2\/users\/2"}],"replies":[{"embeddable":true,"href":"https:\/\/alcierrenoticias.com\/index.php\/wp-json\/wp\/v2\/comments?post=17567"}],"version-history":[{"count":1,"href":"https:\/\/alcierrenoticias.com\/index.php\/wp-json\/wp\/v2\/posts\/17567\/revisions"}],"predecessor-version":[{"id":17569,"href":"https:\/\/alcierrenoticias.com\/index.php\/wp-json\/wp\/v2\/posts\/17567\/revisions\/17569"}],"wp:featuredmedia":[{"embeddable":true,"href":"https:\/\/alcierrenoticias.com\/index.php\/wp-json\/wp\/v2\/media\/17568"}],"wp:attachment":[{"href":"https:\/\/alcierrenoticias.com\/index.php\/wp-json\/wp\/v2\/media?parent=17567"}],"wp:term":[{"taxonomy":"category","embeddable":true,"href":"https:\/\/alcierrenoticias.com\/index.php\/wp-json\/wp\/v2\/categories?post=17567"},{"taxonomy":"post_tag","embeddable":true,"href":"https:\/\/alcierrenoticias.com\/index.php\/wp-json\/wp\/v2\/tags?post=17567"}],"curies":[{"name":"wp","href":"https:\/\/api.w.org\/{rel}","templated":true}]}}