{"id":17564,"date":"2025-09-11T16:50:24","date_gmt":"2025-09-11T22:50:24","guid":{"rendered":"https:\/\/alcierrenoticias.com\/?p=17564"},"modified":"2025-09-13T09:35:47","modified_gmt":"2025-09-13T15:35:47","slug":"participa-miriam-soto-en-foro-global-agroalimentario-meoqui-presente-con-stand-de-apicultores","status":"publish","type":"post","link":"https:\/\/alcierrenoticias.com\/index.php\/2025\/09\/11\/participa-miriam-soto-en-foro-global-agroalimentario-meoqui-presente-con-stand-de-apicultores\/","title":{"rendered":"Participa Miriam Soto en Foro Global Agroalimentario, Meoqui presente con stand de Apicultores."},"content":{"rendered":"<p>&#8220;Necesitamos al campo, el futuro de la alimentaci\u00f3n no se improvisa, se construye&#8221;: Alcaldesa<\/p>\n<p>La alcaldesa de Meoqui Miriam Soto estuvo presente en el Foro Global Agroalimentario 2025 en la ciudad de Chihuahua, considerado el evento m\u00e1s importante del sector en M\u00e9xico y Latinoam\u00e9rica, donde se analizan los retos y oportunidades para el futuro de la alimentaci\u00f3n, adem\u00e1s contando con la participaci\u00f3n de un stand de apicultores del municipio durante dicho evento.<\/p>\n<p>Miriam Soto mencion\u00f3 que esto con el objetivo de buscar mejores pr\u00e1cticas para el sector agropecuario y poderlas implementar, recordando que en Meoqui, la econom\u00eda depende en un 80% de dicho sector, por lo que, para su Gobierno, es de suma importancia seguir brindando herramientas para los productores y agricultores.<\/p>\n<p>Asimismo, la alcaldesa de Meoqui destac\u00f3 la relevancia de los temas abordados, en especial lo se\u00f1alado por el presidente del Consejo Nacional Agropecuario, Jorge Esteve Recolons: \u201cLa alimentaci\u00f3n es el pilar para construir el M\u00e9xico que merecemos, necesitamos al campo, el futuro de la alimentaci\u00f3n no se improvisa, se construye\u201d expres\u00f3.<\/p>\n<p>Cabe se\u00f1alar que el Foro Global Agroalimentario se realiza gracias a la suma de esfuerzos entre El Gobierno del Estado de Chihuahua, con el Consejo Nacional Agropecuario y el Consejo Estatal Agropecuario de Chihuahua. Bajo el lema &#8220;El Futuro de la Alimentaci\u00f3n&#8221;, el encuentro promueve el di\u00e1logo, la innovaci\u00f3n y la competitividad del sector, abordando temas estrat\u00e9gicos como seguridad alimentaria, cambio clim\u00e1tico, sustentabilidad y la aplicaci\u00f3n de nuevas tecnolog\u00edas como la agricultura de precisi\u00f3n y la inteligencia artificial.<\/p>\n","protected":false},"excerpt":{"rendered":"<p>&#8220;Necesitamos al campo, el futuro de la alimentaci\u00f3n no se improvisa, se construye&#8221;: Alcaldesa La alcaldesa de Meoqui Miriam Soto estuvo presente en el Foro Global Agroalimentario 2025 en la ciudad de Chihuahua, considerado el evento m\u00e1s importante del sector en M\u00e9xico y Latinoam\u00e9rica, donde se analizan los retos y oportunidades para el futuro de la alimentaci\u00f3n, adem\u00e1s contando con la participaci\u00f3n de un stand de apicultores del municipio durante dicho evento. Miriam Soto mencion\u00f3 que esto con el objetivo de buscar mejores pr\u00e1cticas para el sector agropecuario y poderlas implementar, recordando que en Meoqui, la econom\u00eda depende en un 80% de dicho sector, por lo que, para su Gobierno, es de suma importancia seguir brindando herramientas para los productores y agricultores. Asimismo, la alcaldesa de Meoqui destac\u00f3 la relevancia de los temas abordados, en especial lo se\u00f1alado por el presidente del Consejo Nacional Agropecuario, Jorge Esteve Recolons: \u201cLa alimentaci\u00f3n es el pilar para construir el M\u00e9xico que merecemos, necesitamos al campo, el futuro de la alimentaci\u00f3n no se improvisa, se construye\u201d expres\u00f3. Cabe se\u00f1alar que el Foro Global Agroalimentario se realiza gracias a la suma de esfuerzos entre El Gobierno del Estado de Chihuahua, con el Consejo Nacional Agropecuario y el Consejo Estatal Agropecuario de Chihuahua. Bajo el lema &#8220;El Futuro de la Alimentaci\u00f3n&#8221;, el encuentro promueve el di\u00e1logo, la innovaci\u00f3n y la competitividad del sector, abordando temas estrat\u00e9gicos como seguridad alimentaria, cambio clim\u00e1tico, sustentabilidad y la aplicaci\u00f3n de nuevas tecnolog\u00edas como la agricultura de precisi\u00f3n y la inteligencia artificial.<\/p>\n","protected":false},"author":2,"featured_media":17565,"comment_status":"open","ping_status":"open","sticky":false,"template":"","format":"standard","meta":{"_monsterinsights_skip_tracking":false,"_monsterinsights_sitenote_active":false,"_monsterinsights_sitenote_note":"","_monsterinsights_sitenote_category":0,"advanced_seo_description":"","jetpack_seo_html_title":"","jetpack_seo_noindex":false,"_jetpack_memberships_contains_paid_content":false,"footnotes":"","jetpack_publicize_message":"","jetpack_publicize_feature_enabled":true,"jetpack_social_post_already_shared":true,"jetpack_social_options":{"image_generator_settings":{"template":"highway","enabled":false},"version":2}},"categories":[135,7,11],"tags":[],"class_list":["post-17564","post","type-post","status-publish","format-standard","has-post-thumbnail","hentry","category-lo-mas-leido","category-local","category-principal"],"jetpack_publicize_connections":[],"jetpack_sharing_enabled":true,"jetpack_featured_media_url":"https:\/\/i0.wp.com\/alcierrenoticias.com\/wp-content\/uploads\/2025\/09\/WhatsApp-Image-2025-09-11-at-4.32.56-PM.jpeg?fit=1280%2C853&ssl=1","amp_enabled":true,"_links":{"self":[{"href":"https:\/\/alcierrenoticias.com\/index.php\/wp-json\/wp\/v2\/posts\/17564","targetHints":{"allow":["GET"]}}],"collection":[{"href":"https:\/\/alcierrenoticias.com\/index.php\/wp-json\/wp\/v2\/posts"}],"about":[{"href":"https:\/\/alcierrenoticias.com\/index.php\/wp-json\/wp\/v2\/types\/post"}],"author":[{"embeddable":true,"href":"https:\/\/alcierrenoticias.com\/index.php\/wp-json\/wp\/v2\/users\/2"}],"replies":[{"embeddable":true,"href":"https:\/\/alcierrenoticias.com\/index.php\/wp-json\/wp\/v2\/comments?post=17564"}],"version-history":[{"count":1,"href":"https:\/\/alcierrenoticias.com\/index.php\/wp-json\/wp\/v2\/posts\/17564\/revisions"}],"predecessor-version":[{"id":17566,"href":"https:\/\/alcierrenoticias.com\/index.php\/wp-json\/wp\/v2\/posts\/17564\/revisions\/17566"}],"wp:featuredmedia":[{"embeddable":true,"href":"https:\/\/alcierrenoticias.com\/index.php\/wp-json\/wp\/v2\/media\/17565"}],"wp:attachment":[{"href":"https:\/\/alcierrenoticias.com\/index.php\/wp-json\/wp\/v2\/media?parent=17564"}],"wp:term":[{"taxonomy":"category","embeddable":true,"href":"https:\/\/alcierrenoticias.com\/index.php\/wp-json\/wp\/v2\/categories?post=17564"},{"taxonomy":"post_tag","embeddable":true,"href":"https:\/\/alcierrenoticias.com\/index.php\/wp-json\/wp\/v2\/tags?post=17564"}],"curies":[{"name":"wp","href":"https:\/\/api.w.org\/{rel}","templated":true}]}}