{"id":17561,"date":"2025-09-11T16:48:07","date_gmt":"2025-09-11T22:48:07","guid":{"rendered":"https:\/\/alcierrenoticias.com\/?p=17561"},"modified":"2025-09-13T09:34:05","modified_gmt":"2025-09-13T15:34:05","slug":"ampliaran-en-meoqui-atencion-en-temas-de-salud-mental-por-instrucciones-de-alcaldesa-miriam-soto","status":"publish","type":"post","link":"https:\/\/alcierrenoticias.com\/index.php\/2025\/09\/11\/ampliaran-en-meoqui-atencion-en-temas-de-salud-mental-por-instrucciones-de-alcaldesa-miriam-soto\/","title":{"rendered":"Ampliar\u00e1n en Meoqui atenci\u00f3n en temas de salud mental por instrucciones de Alcaldesa Miriam Soto."},"content":{"rendered":"<p>Se capacitar\u00e1 a personal en primeros auxilios psicol\u00f3gicos, crear\u00e1n puntos de atenci\u00f3n ante crisis y red telef\u00f3nica de atenci\u00f3n psicol\u00f3gica<\/p>\n<p>Con el objetivo de ampliar la atenci\u00f3n en temas de salud mental, por instrucci\u00f3n de la alcaldesa Miriam Soto, en las instalaciones de la Direcci\u00f3n de Salud de Meoqui se realiz\u00f3 una reuni\u00f3n con diferentes representantes de dicho sector, as\u00ed como otras dependencias del Gobierno Municipal como DIF, Seguridad P\u00fablica, llegando a acuerdos realizar capacitaciones en primeros auxilios psicol\u00f3gicos para funcionarios, crear puntos de atenci\u00f3n ante crisis nerviosas y una red telef\u00f3nica de atenci\u00f3n psicol\u00f3gica.<\/p>\n<p>\u201cBuscamos crear un municipio m\u00e1s capacitado para brindar atenci\u00f3n psicol\u00f3gica a toda la comunidad. Hemos trabajado durante toda la Administraci\u00f3n de la Arq. Miriam Soto en el Comit\u00e9 Municipal de Salud y en el Grupo Municipal de Prevenci\u00f3n del Embarazo en Adolescentes, donde la salud mental ha sido un tema prioritario\u201d, expres\u00f3 la Dra. Sayuri N\u00fa\u00f1ez, directora de Salud Municipal.<\/p>\n<p>\u201cEstos temas no son nuevos para Meoqui; es un camino que ya hemos recorrido y en el que seguiremos trabajando en pro de la salud mental\u201d, mencion\u00f3 la directora, recordando que el Gobierno Municipal, se ha realizado la apertura de 5 Casas de Atenci\u00f3n Primaria a la Salud, donde se brinda atenci\u00f3n psicol\u00f3gica, adem\u00e1s de programas coordinados con el DIF, la Instancia de la Mujer y proyectos como Chidamente de Gobierno del Estado.<\/p>\n","protected":false},"excerpt":{"rendered":"<p>Se capacitar\u00e1 a personal en primeros auxilios psicol\u00f3gicos, crear\u00e1n puntos de atenci\u00f3n ante crisis y red telef\u00f3nica de atenci\u00f3n psicol\u00f3gica Con el objetivo de ampliar la atenci\u00f3n en temas de salud mental, por instrucci\u00f3n de la alcaldesa Miriam Soto, en las instalaciones de la Direcci\u00f3n de Salud de Meoqui se realiz\u00f3 una reuni\u00f3n con diferentes representantes de dicho sector, as\u00ed como otras dependencias del Gobierno Municipal como DIF, Seguridad P\u00fablica, llegando a acuerdos realizar capacitaciones en primeros auxilios psicol\u00f3gicos para funcionarios, crear puntos de atenci\u00f3n ante crisis nerviosas y una red telef\u00f3nica de atenci\u00f3n psicol\u00f3gica. \u201cBuscamos crear un municipio m\u00e1s capacitado para brindar atenci\u00f3n psicol\u00f3gica a toda la comunidad. Hemos trabajado durante toda la Administraci\u00f3n de la Arq. Miriam Soto en el Comit\u00e9 Municipal de Salud y en el Grupo Municipal de Prevenci\u00f3n del Embarazo en Adolescentes, donde la salud mental ha sido un tema prioritario\u201d, expres\u00f3 la Dra. Sayuri N\u00fa\u00f1ez, directora de Salud Municipal. \u201cEstos temas no son nuevos para Meoqui; es un camino que ya hemos recorrido y en el que seguiremos trabajando en pro de la salud mental\u201d, mencion\u00f3 la directora, recordando que el Gobierno Municipal, se ha realizado la apertura de 5 Casas de Atenci\u00f3n Primaria a la Salud, donde se brinda atenci\u00f3n psicol\u00f3gica, adem\u00e1s de programas coordinados con el DIF, la Instancia de la Mujer y proyectos como Chidamente de Gobierno del Estado.<\/p>\n","protected":false},"author":2,"featured_media":17562,"comment_status":"open","ping_status":"open","sticky":false,"template":"","format":"standard","meta":{"_monsterinsights_skip_tracking":false,"_monsterinsights_sitenote_active":false,"_monsterinsights_sitenote_note":"","_monsterinsights_sitenote_category":0,"advanced_seo_description":"","jetpack_seo_html_title":"","jetpack_seo_noindex":false,"_jetpack_memberships_contains_paid_content":false,"footnotes":"","jetpack_publicize_message":"","jetpack_publicize_feature_enabled":true,"jetpack_social_post_already_shared":true,"jetpack_social_options":{"image_generator_settings":{"template":"highway","enabled":false},"version":2}},"categories":[135,7,11],"tags":[],"class_list":["post-17561","post","type-post","status-publish","format-standard","has-post-thumbnail","hentry","category-lo-mas-leido","category-local","category-principal"],"jetpack_publicize_connections":[],"jetpack_sharing_enabled":true,"jetpack_featured_media_url":"https:\/\/i0.wp.com\/alcierrenoticias.com\/wp-content\/uploads\/2025\/09\/WhatsApp-Image-2025-09-11-at-4.32.54-PM.jpeg?fit=1280%2C853&ssl=1","amp_enabled":true,"_links":{"self":[{"href":"https:\/\/alcierrenoticias.com\/index.php\/wp-json\/wp\/v2\/posts\/17561","targetHints":{"allow":["GET"]}}],"collection":[{"href":"https:\/\/alcierrenoticias.com\/index.php\/wp-json\/wp\/v2\/posts"}],"about":[{"href":"https:\/\/alcierrenoticias.com\/index.php\/wp-json\/wp\/v2\/types\/post"}],"author":[{"embeddable":true,"href":"https:\/\/alcierrenoticias.com\/index.php\/wp-json\/wp\/v2\/users\/2"}],"replies":[{"embeddable":true,"href":"https:\/\/alcierrenoticias.com\/index.php\/wp-json\/wp\/v2\/comments?post=17561"}],"version-history":[{"count":1,"href":"https:\/\/alcierrenoticias.com\/index.php\/wp-json\/wp\/v2\/posts\/17561\/revisions"}],"predecessor-version":[{"id":17563,"href":"https:\/\/alcierrenoticias.com\/index.php\/wp-json\/wp\/v2\/posts\/17561\/revisions\/17563"}],"wp:featuredmedia":[{"embeddable":true,"href":"https:\/\/alcierrenoticias.com\/index.php\/wp-json\/wp\/v2\/media\/17562"}],"wp:attachment":[{"href":"https:\/\/alcierrenoticias.com\/index.php\/wp-json\/wp\/v2\/media?parent=17561"}],"wp:term":[{"taxonomy":"category","embeddable":true,"href":"https:\/\/alcierrenoticias.com\/index.php\/wp-json\/wp\/v2\/categories?post=17561"},{"taxonomy":"post_tag","embeddable":true,"href":"https:\/\/alcierrenoticias.com\/index.php\/wp-json\/wp\/v2\/tags?post=17561"}],"curies":[{"name":"wp","href":"https:\/\/api.w.org\/{rel}","templated":true}]}}