{"id":17551,"date":"2025-09-11T16:45:25","date_gmt":"2025-09-11T22:45:25","guid":{"rendered":"https:\/\/alcierrenoticias.com\/?p=17551"},"modified":"2025-09-12T22:17:55","modified_gmt":"2025-09-13T04:17:55","slug":"este-viernes-en-meoqui-consultas-medicas-atencion-psicologica-nutricional-y-mas-servicios-gratuitos-en-la-feria-de-salud","status":"publish","type":"post","link":"https:\/\/alcierrenoticias.com\/index.php\/2025\/09\/11\/este-viernes-en-meoqui-consultas-medicas-atencion-psicologica-nutricional-y-mas-servicios-gratuitos-en-la-feria-de-salud\/","title":{"rendered":"Este viernes en Meoqui consultas m\u00e9dicas, atenci\u00f3n psicol\u00f3gica, nutricional, y m\u00e1s servicios gratuitos en la Feria de Salud."},"content":{"rendered":"<p>A partir de las 9 de la ma\u00f1ana brindar\u00e1n diversos servicios en la explanada de Presidencia Municipal en el marco de la Semana Nacional de Salud P\u00fablica<\/p>\n<p>Este viernes 12 de septiembre se llevar\u00e1 a cabo una Feria de Salud gratuita en la explanada de Presidencia Municipal, en un horario de 9 de la ma\u00f1ana a 12 del mediod\u00eda todo esto en el marco de la Semana Nacional de Salud P\u00fablica, la cual contar\u00e1 con servicios de consulta m\u00e9dica general, asesor\u00eda nutricional y psicol\u00f3gica, revisiones dentales, aplicaci\u00f3n de test psicol\u00f3gicos, exhibiciones nutricionales sobre el consumo de az\u00facares, dispensario m\u00e9dico, detecciones de glucosa, presi\u00f3n arterial, talla, peso e \u00edndice de masa corporal, pruebas r\u00e1pidas de VIH y s\u00edfilis, vacunaci\u00f3n y atenci\u00f3n en odontolog\u00eda, con el apoyo del Centro de Salud.<\/p>\n<p>La Dra. Sayuri N\u00fa\u00f1ez, directora de Salud Municipal destac\u00f3 que estas acciones responden al compromiso de la alcaldesa Miriam Soto, quien como presidenta de la Red Chihuahuense de Municipios por la Salud ha impulsado fuertemente las campa\u00f1as de prevenci\u00f3n y promoci\u00f3n de la salud en Meoqui.<\/p>\n<p>\u201cEs muy importante trabajar en la prevenci\u00f3n de enfermedades cr\u00f3nicas y generar conciencia en la poblaci\u00f3n. Por ello sumamos esfuerzos con la Secretar\u00eda de Salud y otras instituciones, para acercar estos servicios de manera gratuita a la ciudadan\u00eda\u201d, explic\u00f3 la directora.<\/p>\n<p>Finalmente, extendi\u00f3 la invitaci\u00f3n a todas las familias de Meoqui y comunidades cercanas para aprovechar esta jornada de salud, que busca mejorar la calidad de vida de la poblaci\u00f3n.<\/p>\n","protected":false},"excerpt":{"rendered":"<p>A partir de las 9 de la ma\u00f1ana brindar\u00e1n diversos servicios en la explanada de Presidencia Municipal en el marco de la Semana Nacional de Salud P\u00fablica Este viernes 12 de septiembre se llevar\u00e1 a cabo una Feria de Salud gratuita en la explanada de Presidencia Municipal, en un horario de 9 de la ma\u00f1ana a 12 del mediod\u00eda todo esto en el marco de la Semana Nacional de Salud P\u00fablica, la cual contar\u00e1 con servicios de consulta m\u00e9dica general, asesor\u00eda nutricional y psicol\u00f3gica, revisiones dentales, aplicaci\u00f3n de test psicol\u00f3gicos, exhibiciones nutricionales sobre el consumo de az\u00facares, dispensario m\u00e9dico, detecciones de glucosa, presi\u00f3n arterial, talla, peso e \u00edndice de masa corporal, pruebas r\u00e1pidas de VIH y s\u00edfilis, vacunaci\u00f3n y atenci\u00f3n en odontolog\u00eda, con el apoyo del Centro de Salud. La Dra. Sayuri N\u00fa\u00f1ez, directora de Salud Municipal destac\u00f3 que estas acciones responden al compromiso de la alcaldesa Miriam Soto, quien como presidenta de la Red Chihuahuense de Municipios por la Salud ha impulsado fuertemente las campa\u00f1as de prevenci\u00f3n y promoci\u00f3n de la salud en Meoqui. \u201cEs muy importante trabajar en la prevenci\u00f3n de enfermedades cr\u00f3nicas y generar conciencia en la poblaci\u00f3n. Por ello sumamos esfuerzos con la Secretar\u00eda de Salud y otras instituciones, para acercar estos servicios de manera gratuita a la ciudadan\u00eda\u201d, explic\u00f3 la directora. Finalmente, extendi\u00f3 la invitaci\u00f3n a todas las familias de Meoqui y comunidades cercanas para aprovechar esta jornada de salud, que busca mejorar la calidad de vida de la poblaci\u00f3n.<\/p>\n","protected":false},"author":2,"featured_media":17552,"comment_status":"open","ping_status":"open","sticky":false,"template":"","format":"standard","meta":{"_monsterinsights_skip_tracking":false,"_monsterinsights_sitenote_active":false,"_monsterinsights_sitenote_note":"","_monsterinsights_sitenote_category":0,"advanced_seo_description":"","jetpack_seo_html_title":"","jetpack_seo_noindex":false,"_jetpack_memberships_contains_paid_content":false,"footnotes":"","jetpack_publicize_message":"","jetpack_publicize_feature_enabled":true,"jetpack_social_post_already_shared":true,"jetpack_social_options":{"image_generator_settings":{"template":"highway","enabled":false},"version":2}},"categories":[135,7,11],"tags":[],"class_list":["post-17551","post","type-post","status-publish","format-standard","has-post-thumbnail","hentry","category-lo-mas-leido","category-local","category-principal"],"jetpack_publicize_connections":[],"jetpack_sharing_enabled":true,"jetpack_featured_media_url":"https:\/\/i0.wp.com\/alcierrenoticias.com\/wp-content\/uploads\/2025\/09\/WhatsApp-Image-2025-09-11-at-4.32.51-PM-e1757737034762.jpeg?fit=400%2C400&ssl=1","amp_enabled":true,"_links":{"self":[{"href":"https:\/\/alcierrenoticias.com\/index.php\/wp-json\/wp\/v2\/posts\/17551","targetHints":{"allow":["GET"]}}],"collection":[{"href":"https:\/\/alcierrenoticias.com\/index.php\/wp-json\/wp\/v2\/posts"}],"about":[{"href":"https:\/\/alcierrenoticias.com\/index.php\/wp-json\/wp\/v2\/types\/post"}],"author":[{"embeddable":true,"href":"https:\/\/alcierrenoticias.com\/index.php\/wp-json\/wp\/v2\/users\/2"}],"replies":[{"embeddable":true,"href":"https:\/\/alcierrenoticias.com\/index.php\/wp-json\/wp\/v2\/comments?post=17551"}],"version-history":[{"count":2,"href":"https:\/\/alcierrenoticias.com\/index.php\/wp-json\/wp\/v2\/posts\/17551\/revisions"}],"predecessor-version":[{"id":17554,"href":"https:\/\/alcierrenoticias.com\/index.php\/wp-json\/wp\/v2\/posts\/17551\/revisions\/17554"}],"wp:featuredmedia":[{"embeddable":true,"href":"https:\/\/alcierrenoticias.com\/index.php\/wp-json\/wp\/v2\/media\/17552"}],"wp:attachment":[{"href":"https:\/\/alcierrenoticias.com\/index.php\/wp-json\/wp\/v2\/media?parent=17551"}],"wp:term":[{"taxonomy":"category","embeddable":true,"href":"https:\/\/alcierrenoticias.com\/index.php\/wp-json\/wp\/v2\/categories?post=17551"},{"taxonomy":"post_tag","embeddable":true,"href":"https:\/\/alcierrenoticias.com\/index.php\/wp-json\/wp\/v2\/tags?post=17551"}],"curies":[{"name":"wp","href":"https:\/\/api.w.org\/{rel}","templated":true}]}}