{"id":17544,"date":"2025-09-11T15:18:44","date_gmt":"2025-09-11T21:18:44","guid":{"rendered":"https:\/\/alcierrenoticias.com\/?p=17544"},"modified":"2025-09-12T22:10:11","modified_gmt":"2025-09-13T04:10:11","slug":"impulsa-bomberos-delicias-cultura-de-prevencion-con-curso-de-extintores","status":"publish","type":"post","link":"https:\/\/alcierrenoticias.com\/index.php\/2025\/09\/11\/impulsa-bomberos-delicias-cultura-de-prevencion-con-curso-de-extintores\/","title":{"rendered":"Impulsa Bomberos Delicias cultura de prevenci\u00f3n con curso de extintores."},"content":{"rendered":"<p>Un total de 60 trabajadores fueron capacitados en el uso y manejo de extintores, as\u00ed como en primeros auxilios, gracias a un curso impartido por el \u00e1rea de Prevenci\u00f3n de Bomberos de Delicias durante tres d\u00edas consecutivos.<\/p>\n<p>El responsable del \u00e1rea, Eduardo Rodr\u00edguez, destac\u00f3 la importancia de que las empresas fortalezcan la cultura de la prevenci\u00f3n y se mostr\u00f3 agradecido por el recibimiento y las facilidades brindadas para llevar a cabo la capacitaci\u00f3n en la empresa La Competidora.<\/p>\n<p>Se\u00f1al\u00f3 que estos talleres permiten no solo salvaguardar la seguridad de los trabajadores, sino tambi\u00e9n generar entornos laborales m\u00e1s preparados ante cualquier eventualidad. Adem\u00e1s, subray\u00f3 que las capacitaciones incluyen tanto el uso adecuado de extintores como t\u00e9cnicas b\u00e1sicas de primeros auxilios.<\/p>\n<p>Finalmente, invit\u00f3 a m\u00e1s empresas del municipio a sumarse a esta iniciativa, recordando que \u00fanicamente deben solicitar la capacitaci\u00f3n mediante un oficio dirigido a Bomberos Delicias. \u201cEstamos para servir a la ciudadan\u00eda y para apoyar a quienes buscan reforzar la seguridad en sus centros de trabajo\u201d, concluy\u00f3.<\/p>\n","protected":false},"excerpt":{"rendered":"<p>Un total de 60 trabajadores fueron capacitados en el uso y manejo de extintores, as\u00ed como en primeros auxilios, gracias a un curso impartido por el \u00e1rea de Prevenci\u00f3n de Bomberos de Delicias durante tres d\u00edas consecutivos. El responsable del \u00e1rea, Eduardo Rodr\u00edguez, destac\u00f3 la importancia de que las empresas fortalezcan la cultura de la prevenci\u00f3n y se mostr\u00f3 agradecido por el recibimiento y las facilidades brindadas para llevar a cabo la capacitaci\u00f3n en la empresa La Competidora. Se\u00f1al\u00f3 que estos talleres permiten no solo salvaguardar la seguridad de los trabajadores, sino tambi\u00e9n generar entornos laborales m\u00e1s preparados ante cualquier eventualidad. Adem\u00e1s, subray\u00f3 que las capacitaciones incluyen tanto el uso adecuado de extintores como t\u00e9cnicas b\u00e1sicas de primeros auxilios. Finalmente, invit\u00f3 a m\u00e1s empresas del municipio a sumarse a esta iniciativa, recordando que \u00fanicamente deben solicitar la capacitaci\u00f3n mediante un oficio dirigido a Bomberos Delicias. \u201cEstamos para servir a la ciudadan\u00eda y para apoyar a quienes buscan reforzar la seguridad en sus centros de trabajo\u201d, concluy\u00f3.<\/p>\n","protected":false},"author":2,"featured_media":17545,"comment_status":"open","ping_status":"open","sticky":false,"template":"","format":"standard","meta":{"_monsterinsights_skip_tracking":false,"_monsterinsights_sitenote_active":false,"_monsterinsights_sitenote_note":"","_monsterinsights_sitenote_category":0,"advanced_seo_description":"","jetpack_seo_html_title":"","jetpack_seo_noindex":false,"_jetpack_memberships_contains_paid_content":false,"footnotes":"","jetpack_publicize_message":"","jetpack_publicize_feature_enabled":true,"jetpack_social_post_already_shared":true,"jetpack_social_options":{"image_generator_settings":{"template":"highway","enabled":false},"version":2}},"categories":[135,7,11],"tags":[],"class_list":["post-17544","post","type-post","status-publish","format-standard","has-post-thumbnail","hentry","category-lo-mas-leido","category-local","category-principal"],"jetpack_publicize_connections":[],"jetpack_sharing_enabled":true,"jetpack_featured_media_url":"https:\/\/i0.wp.com\/alcierrenoticias.com\/wp-content\/uploads\/2025\/09\/WhatsApp-Image-2025-09-11-at-2.39.18-PM.jpeg?fit=1600%2C1066&ssl=1","amp_enabled":true,"_links":{"self":[{"href":"https:\/\/alcierrenoticias.com\/index.php\/wp-json\/wp\/v2\/posts\/17544","targetHints":{"allow":["GET"]}}],"collection":[{"href":"https:\/\/alcierrenoticias.com\/index.php\/wp-json\/wp\/v2\/posts"}],"about":[{"href":"https:\/\/alcierrenoticias.com\/index.php\/wp-json\/wp\/v2\/types\/post"}],"author":[{"embeddable":true,"href":"https:\/\/alcierrenoticias.com\/index.php\/wp-json\/wp\/v2\/users\/2"}],"replies":[{"embeddable":true,"href":"https:\/\/alcierrenoticias.com\/index.php\/wp-json\/wp\/v2\/comments?post=17544"}],"version-history":[{"count":2,"href":"https:\/\/alcierrenoticias.com\/index.php\/wp-json\/wp\/v2\/posts\/17544\/revisions"}],"predecessor-version":[{"id":17547,"href":"https:\/\/alcierrenoticias.com\/index.php\/wp-json\/wp\/v2\/posts\/17544\/revisions\/17547"}],"wp:featuredmedia":[{"embeddable":true,"href":"https:\/\/alcierrenoticias.com\/index.php\/wp-json\/wp\/v2\/media\/17545"}],"wp:attachment":[{"href":"https:\/\/alcierrenoticias.com\/index.php\/wp-json\/wp\/v2\/media?parent=17544"}],"wp:term":[{"taxonomy":"category","embeddable":true,"href":"https:\/\/alcierrenoticias.com\/index.php\/wp-json\/wp\/v2\/categories?post=17544"},{"taxonomy":"post_tag","embeddable":true,"href":"https:\/\/alcierrenoticias.com\/index.php\/wp-json\/wp\/v2\/tags?post=17544"}],"curies":[{"name":"wp","href":"https:\/\/api.w.org\/{rel}","templated":true}]}}