{"id":17530,"date":"2025-09-10T20:38:33","date_gmt":"2025-09-11T02:38:33","guid":{"rendered":"https:\/\/alcierrenoticias.com\/?p=17530"},"modified":"2025-09-11T13:40:42","modified_gmt":"2025-09-11T19:40:42","slug":"invita-casa-de-cultura-jesus-gardea-a-celebrar-la-noche-mexicana","status":"publish","type":"post","link":"https:\/\/alcierrenoticias.com\/index.php\/2025\/09\/10\/invita-casa-de-cultura-jesus-gardea-a-celebrar-la-noche-mexicana\/","title":{"rendered":"Invita Casa de Cultura \u201cJes\u00fas Gardea\u201d a celebrar la Noche Mexicana."},"content":{"rendered":"<p>Con m\u00fasica, danza y antojitos tradicionales, la Casa de Cultura \u201cJes\u00fas Gardea\u201d llevar\u00e1 a cabo este jueves 11 de septiembre su ya tradicional Noche Mexicana, en el Teatro al Aire Libre de sus instalaciones. La cita es a las 7:00 de la tarde y la entrada ser\u00e1 totalmente gratuita.<\/p>\n<p>Mario P\u00e9rez, jefe de Casa de Cultura, inform\u00f3 que este evento se organiza bajo la encomienda del presidente municipal, Jes\u00fas Valenciano, de impulsar actividades culturales que fortalezcan la identidad y las tradiciones mexicanas. \u201cEs una velada para disfrutar en familia, donde se conjugan la cultura, las artes y la convivencia ciudadana\u201d, destac\u00f3.<\/p>\n<p>Durante la celebraci\u00f3n, los asistentes podr\u00e1n disfrutar del talento de la Compa\u00f1\u00eda de Danza Folcl\u00f3rica Municipal y del grupo Lluvia de Plata, adem\u00e1s de la m\u00fasica del mariachi. Paralelamente, habr\u00e1 venta de antojitos mexicanos como sopes, tlayudas, tamales y menudo, adem\u00e1s de cocteler\u00eda y art\u00edculos alusivos a la fecha.<\/p>\n<p>Record\u00f3 que, aunque en los alrededores de la Casa de Cultura se realizan actualmente algunas obras de mejora en el drenaje, los accesos permanecen habilitados por calles aleda\u00f1as. \u201cQueremos que todos se sientan invitados: ni\u00f1os, j\u00f3venes, adultos mayores, todos pueden venir a disfrutar esta fiesta mexicana\u201d, agreg\u00f3.<\/p>\n<p>Finalmente, reiter\u00f3 la invitaci\u00f3n a las familias delicienses para que participen en esta noche de color, m\u00fasica y tradici\u00f3n: \u201cLos esperamos este jueves 11 de septiembre, en punto de las 7 p.m., para vivir juntos una aut\u00e9ntica Noche Mexicana al estilo de Casa de Cultura Jes\u00fas Gardea\u201d, concluy\u00f3.<\/p>\n","protected":false},"excerpt":{"rendered":"<p>Con m\u00fasica, danza y antojitos tradicionales, la Casa de Cultura \u201cJes\u00fas Gardea\u201d llevar\u00e1 a cabo este jueves 11 de septiembre su ya tradicional Noche Mexicana, en el Teatro al Aire Libre de sus instalaciones. La cita es a las 7:00 de la tarde y la entrada ser\u00e1 totalmente gratuita. Mario P\u00e9rez, jefe de Casa de Cultura, inform\u00f3 que este evento se organiza bajo la encomienda del presidente municipal, Jes\u00fas Valenciano, de impulsar actividades culturales que fortalezcan la identidad y las tradiciones mexicanas. \u201cEs una velada para disfrutar en familia, donde se conjugan la cultura, las artes y la convivencia ciudadana\u201d, destac\u00f3. Durante la celebraci\u00f3n, los asistentes podr\u00e1n disfrutar del talento de la Compa\u00f1\u00eda de Danza Folcl\u00f3rica Municipal y del grupo Lluvia de Plata, adem\u00e1s de la m\u00fasica del mariachi. Paralelamente, habr\u00e1 venta de antojitos mexicanos como sopes, tlayudas, tamales y menudo, adem\u00e1s de cocteler\u00eda y art\u00edculos alusivos a la fecha. Record\u00f3 que, aunque en los alrededores de la Casa de Cultura se realizan actualmente algunas obras de mejora en el drenaje, los accesos permanecen habilitados por calles aleda\u00f1as. \u201cQueremos que todos se sientan invitados: ni\u00f1os, j\u00f3venes, adultos mayores, todos pueden venir a disfrutar esta fiesta mexicana\u201d, agreg\u00f3. Finalmente, reiter\u00f3 la invitaci\u00f3n a las familias delicienses para que participen en esta noche de color, m\u00fasica y tradici\u00f3n: \u201cLos esperamos este jueves 11 de septiembre, en punto de las 7 p.m., para vivir juntos una aut\u00e9ntica Noche Mexicana al estilo de Casa de Cultura Jes\u00fas Gardea\u201d, concluy\u00f3.<\/p>\n","protected":false},"author":2,"featured_media":17531,"comment_status":"open","ping_status":"open","sticky":false,"template":"","format":"standard","meta":{"_monsterinsights_skip_tracking":false,"_monsterinsights_sitenote_active":false,"_monsterinsights_sitenote_note":"","_monsterinsights_sitenote_category":0,"advanced_seo_description":"","jetpack_seo_html_title":"","jetpack_seo_noindex":false,"_jetpack_memberships_contains_paid_content":false,"footnotes":"","jetpack_publicize_message":"","jetpack_publicize_feature_enabled":true,"jetpack_social_post_already_shared":true,"jetpack_social_options":{"image_generator_settings":{"template":"highway","enabled":false},"version":2}},"categories":[135,7,11],"tags":[],"class_list":["post-17530","post","type-post","status-publish","format-standard","has-post-thumbnail","hentry","category-lo-mas-leido","category-local","category-principal"],"jetpack_publicize_connections":[],"jetpack_sharing_enabled":true,"jetpack_featured_media_url":"https:\/\/i0.wp.com\/alcierrenoticias.com\/wp-content\/uploads\/2025\/09\/WhatsApp-Image-2025-09-10-at-11.53.17-PM-e1757619635514.jpeg?fit=500%2C500&ssl=1","amp_enabled":true,"_links":{"self":[{"href":"https:\/\/alcierrenoticias.com\/index.php\/wp-json\/wp\/v2\/posts\/17530","targetHints":{"allow":["GET"]}}],"collection":[{"href":"https:\/\/alcierrenoticias.com\/index.php\/wp-json\/wp\/v2\/posts"}],"about":[{"href":"https:\/\/alcierrenoticias.com\/index.php\/wp-json\/wp\/v2\/types\/post"}],"author":[{"embeddable":true,"href":"https:\/\/alcierrenoticias.com\/index.php\/wp-json\/wp\/v2\/users\/2"}],"replies":[{"embeddable":true,"href":"https:\/\/alcierrenoticias.com\/index.php\/wp-json\/wp\/v2\/comments?post=17530"}],"version-history":[{"count":1,"href":"https:\/\/alcierrenoticias.com\/index.php\/wp-json\/wp\/v2\/posts\/17530\/revisions"}],"predecessor-version":[{"id":17532,"href":"https:\/\/alcierrenoticias.com\/index.php\/wp-json\/wp\/v2\/posts\/17530\/revisions\/17532"}],"wp:featuredmedia":[{"embeddable":true,"href":"https:\/\/alcierrenoticias.com\/index.php\/wp-json\/wp\/v2\/media\/17531"}],"wp:attachment":[{"href":"https:\/\/alcierrenoticias.com\/index.php\/wp-json\/wp\/v2\/media?parent=17530"}],"wp:term":[{"taxonomy":"category","embeddable":true,"href":"https:\/\/alcierrenoticias.com\/index.php\/wp-json\/wp\/v2\/categories?post=17530"},{"taxonomy":"post_tag","embeddable":true,"href":"https:\/\/alcierrenoticias.com\/index.php\/wp-json\/wp\/v2\/tags?post=17530"}],"curies":[{"name":"wp","href":"https:\/\/api.w.org\/{rel}","templated":true}]}}