{"id":17518,"date":"2025-09-10T19:22:02","date_gmt":"2025-09-11T01:22:02","guid":{"rendered":"https:\/\/alcierrenoticias.com\/?p=17518"},"modified":"2025-09-11T13:23:56","modified_gmt":"2025-09-11T19:23:56","slug":"en-este-ano-nuestro-compromiso-con-el-campo-fue-mas-fuerte-mas-apoyos-y-mejores-condiciones-para-el-sector-rural-jorge-aldana","status":"publish","type":"post","link":"https:\/\/alcierrenoticias.com\/index.php\/2025\/09\/10\/en-este-ano-nuestro-compromiso-con-el-campo-fue-mas-fuerte-mas-apoyos-y-mejores-condiciones-para-el-sector-rural-jorge-aldana\/","title":{"rendered":"En este a\u00f1o nuestro compromiso con el campo fue m\u00e1s fuerte, m\u00e1s apoyos y mejores condiciones para el sector rural: Jorge Aldana."},"content":{"rendered":"<p>Durante el primer a\u00f1o de la segunda administraci\u00f3n del Presidente Municipal Jorge Aldana, el compromiso con el campo se fortaleci\u00f3 como nunca antes. Pese a la sequ\u00eda que enfrenta la regi\u00f3n, se entregaron m\u00e1s apoyos y se generaron mejores condiciones para el sector rural, beneficiando a las familias que viven de la actividad ganadera, agr\u00edcola y lechera.<\/p>\n<p>Gracias al respaldo del Gobierno del Estado, se lograron importantes avances:<\/p>\n<p>M\u00e1s de 1,800 pacas de rastrojo.<br \/>\nM\u00e1s de 400 toneladas de ma\u00edz.<br \/>\nM\u00e1s de 35 toneladas de insumos agr\u00edcolas y ganaderos.<br \/>\nEquipamiento del rastro municipal para optimizar su operaci\u00f3n.<br \/>\nGesti\u00f3n de recursos y cursos de capacitaci\u00f3n para productores.<br \/>\nRehabilitaci\u00f3n de m\u00e1s de 400 km de caminos rurales y saca cosechas, mejorando la conectividad y el transporte de insumos y productos.<\/p>\n<p>&#8220;El campo es la base de nuestra econom\u00eda y de nuestra identidad; por eso no escatimamos esfuerzos ni recursos para apoyarlo, especialmente en tiempos dif\u00edciles&#8221;, se\u00f1al\u00f3 Aldana.<\/p>\n<p>El Gobierno Municipal de Camargo reafirma as\u00ed su compromiso de seguir fortaleciendo al sector rural y cumpliendo con quienes trabajan la tierra.<\/p>\n","protected":false},"excerpt":{"rendered":"<p>Durante el primer a\u00f1o de la segunda administraci\u00f3n del Presidente Municipal Jorge Aldana, el compromiso con el campo se fortaleci\u00f3 como nunca antes. Pese a la sequ\u00eda que enfrenta la regi\u00f3n, se entregaron m\u00e1s apoyos y se generaron mejores condiciones para el sector rural, beneficiando a las familias que viven de la actividad ganadera, agr\u00edcola y lechera. Gracias al respaldo del Gobierno del Estado, se lograron importantes avances: M\u00e1s de 1,800 pacas de rastrojo. M\u00e1s de 400 toneladas de ma\u00edz. M\u00e1s de 35 toneladas de insumos agr\u00edcolas y ganaderos. Equipamiento del rastro municipal para optimizar su operaci\u00f3n. Gesti\u00f3n de recursos y cursos de capacitaci\u00f3n para productores. Rehabilitaci\u00f3n de m\u00e1s de 400 km de caminos rurales y saca cosechas, mejorando la conectividad y el transporte de insumos y productos. &#8220;El campo es la base de nuestra econom\u00eda y de nuestra identidad; por eso no escatimamos esfuerzos ni recursos para apoyarlo, especialmente en tiempos dif\u00edciles&#8221;, se\u00f1al\u00f3 Aldana. El Gobierno Municipal de Camargo reafirma as\u00ed su compromiso de seguir fortaleciendo al sector rural y cumpliendo con quienes trabajan la tierra.<\/p>\n","protected":false},"author":2,"featured_media":17519,"comment_status":"open","ping_status":"open","sticky":false,"template":"","format":"standard","meta":{"_monsterinsights_skip_tracking":false,"_monsterinsights_sitenote_active":false,"_monsterinsights_sitenote_note":"","_monsterinsights_sitenote_category":0,"advanced_seo_description":"","jetpack_seo_html_title":"","jetpack_seo_noindex":false,"_jetpack_memberships_contains_paid_content":false,"footnotes":"","jetpack_publicize_message":"","jetpack_publicize_feature_enabled":true,"jetpack_social_post_already_shared":true,"jetpack_social_options":{"image_generator_settings":{"template":"highway","enabled":false},"version":2}},"categories":[8,135,11],"tags":[],"class_list":["post-17518","post","type-post","status-publish","format-standard","has-post-thumbnail","hentry","category-estado","category-lo-mas-leido","category-principal"],"jetpack_publicize_connections":[],"jetpack_sharing_enabled":true,"jetpack_featured_media_url":"https:\/\/i0.wp.com\/alcierrenoticias.com\/wp-content\/uploads\/2025\/09\/WhatsApp-Image-2025-09-10-at-10.58.57-PM.jpeg?fit=1600%2C1066&ssl=1","amp_enabled":true,"_links":{"self":[{"href":"https:\/\/alcierrenoticias.com\/index.php\/wp-json\/wp\/v2\/posts\/17518","targetHints":{"allow":["GET"]}}],"collection":[{"href":"https:\/\/alcierrenoticias.com\/index.php\/wp-json\/wp\/v2\/posts"}],"about":[{"href":"https:\/\/alcierrenoticias.com\/index.php\/wp-json\/wp\/v2\/types\/post"}],"author":[{"embeddable":true,"href":"https:\/\/alcierrenoticias.com\/index.php\/wp-json\/wp\/v2\/users\/2"}],"replies":[{"embeddable":true,"href":"https:\/\/alcierrenoticias.com\/index.php\/wp-json\/wp\/v2\/comments?post=17518"}],"version-history":[{"count":1,"href":"https:\/\/alcierrenoticias.com\/index.php\/wp-json\/wp\/v2\/posts\/17518\/revisions"}],"predecessor-version":[{"id":17520,"href":"https:\/\/alcierrenoticias.com\/index.php\/wp-json\/wp\/v2\/posts\/17518\/revisions\/17520"}],"wp:featuredmedia":[{"embeddable":true,"href":"https:\/\/alcierrenoticias.com\/index.php\/wp-json\/wp\/v2\/media\/17519"}],"wp:attachment":[{"href":"https:\/\/alcierrenoticias.com\/index.php\/wp-json\/wp\/v2\/media?parent=17518"}],"wp:term":[{"taxonomy":"category","embeddable":true,"href":"https:\/\/alcierrenoticias.com\/index.php\/wp-json\/wp\/v2\/categories?post=17518"},{"taxonomy":"post_tag","embeddable":true,"href":"https:\/\/alcierrenoticias.com\/index.php\/wp-json\/wp\/v2\/tags?post=17518"}],"curies":[{"name":"wp","href":"https:\/\/api.w.org\/{rel}","templated":true}]}}