{"id":17510,"date":"2025-09-10T14:26:37","date_gmt":"2025-09-10T20:26:37","guid":{"rendered":"https:\/\/alcierrenoticias.com\/?p=17510"},"modified":"2025-09-11T13:18:14","modified_gmt":"2025-09-11T19:18:14","slug":"invitan-en-meoqui-a-foro-juvenil-lo-que-no-te-cuentan-este-viernes","status":"publish","type":"post","link":"https:\/\/alcierrenoticias.com\/index.php\/2025\/09\/10\/invitan-en-meoqui-a-foro-juvenil-lo-que-no-te-cuentan-este-viernes\/","title":{"rendered":"Invitan en Meoqui a Foro Juvenil \u201cLo que No te Cuentan\u201d este viernes."},"content":{"rendered":"<p>Dar\u00e1 inicio a las 9 de la ma\u00f1ana en el Gimnasio Municipal, buscan crear conciencia sobre la toma de decisiones y como afecta en sus vidas<\/p>\n<p>Este pr\u00f3ximo viernes 12 de septiembre en Meoqui, se llevar\u00e1 a cabo el Foro Juvenil \u201cLo que No te Cuentan\u201d en el Gimnasio Municipal, dando inicio a las 9 de la ma\u00f1ana con el objetivo de atender inquietudes y brindar acompa\u00f1amiento a los adolescentes del municipio, donde j\u00f3venes compartir\u00e1n sus experiencias de vida con otros j\u00f3venes.<\/p>\n<p>\u201cEl prop\u00f3sito es dar respuesta a las inquietudes que nos manifestaron los estudiantes en las encuestas del ciclo escolar pasado. La indicaci\u00f3n de nuestra alcaldesa ha sido muy clara: dar seguimiento puntual a las preocupaciones de la ciudadan\u00eda, en este caso a las y los adolescentes\u201d, se\u00f1al\u00f3 Mar\u00eda del Refugio Silva Uranga, directora de la Instancia Municipal de Atenci\u00f3n a la Mujer, quien a\u00f1adi\u00f3 que la alcaldesa Miriam Soto ha promovido esta clase de actividades en coordinaci\u00f3n con las escuelas del municipio.<\/p>\n<p>Respecto al tema de embarazo en adolescentes, la directora destac\u00f3 que gracias al trabajo conjunto con escuelas y al compromiso de los docentes, los \u00edndices han disminuido en el municipio: \u201cAntes de iniciar con estas pl\u00e1ticas ten\u00edamos alrededor de 10 casos de adolescentes embarazadas; ahora los n\u00fameros se redujeron y actualmente se registran entre uno y dos casos, lo cual refleja los avances obtenidos con la participaci\u00f3n de las instituciones educativas y del grupo de prevenci\u00f3n\u201d, explic\u00f3.<\/p>\n<p>Finalmente, Mar\u00eda del Refugio Silva Uranga invit\u00f3 a los adolescentes de todo el municipio presenciar esta importante ponencia, reiterando el compromiso del Gobierno Municipal de trabajar en la prevenci\u00f3n del embarazo en adolescentes y en la creaci\u00f3n de espacios de di\u00e1logo donde los j\u00f3venes puedan expresar sus inquietudes y encontrar orientaci\u00f3n.<\/p>\n","protected":false},"excerpt":{"rendered":"<p>Dar\u00e1 inicio a las 9 de la ma\u00f1ana en el Gimnasio Municipal, buscan crear conciencia sobre la toma de decisiones y como afecta en sus vidas Este pr\u00f3ximo viernes 12 de septiembre en Meoqui, se llevar\u00e1 a cabo el Foro Juvenil \u201cLo que No te Cuentan\u201d en el Gimnasio Municipal, dando inicio a las 9 de la ma\u00f1ana con el objetivo de atender inquietudes y brindar acompa\u00f1amiento a los adolescentes del municipio, donde j\u00f3venes compartir\u00e1n sus experiencias de vida con otros j\u00f3venes. \u201cEl prop\u00f3sito es dar respuesta a las inquietudes que nos manifestaron los estudiantes en las encuestas del ciclo escolar pasado. La indicaci\u00f3n de nuestra alcaldesa ha sido muy clara: dar seguimiento puntual a las preocupaciones de la ciudadan\u00eda, en este caso a las y los adolescentes\u201d, se\u00f1al\u00f3 Mar\u00eda del Refugio Silva Uranga, directora de la Instancia Municipal de Atenci\u00f3n a la Mujer, quien a\u00f1adi\u00f3 que la alcaldesa Miriam Soto ha promovido esta clase de actividades en coordinaci\u00f3n con las escuelas del municipio. Respecto al tema de embarazo en adolescentes, la directora destac\u00f3 que gracias al trabajo conjunto con escuelas y al compromiso de los docentes, los \u00edndices han disminuido en el municipio: \u201cAntes de iniciar con estas pl\u00e1ticas ten\u00edamos alrededor de 10 casos de adolescentes embarazadas; ahora los n\u00fameros se redujeron y actualmente se registran entre uno y dos casos, lo cual refleja los avances obtenidos con la participaci\u00f3n de las instituciones educativas y del grupo de prevenci\u00f3n\u201d, explic\u00f3. Finalmente, Mar\u00eda del Refugio Silva Uranga invit\u00f3 a los adolescentes de todo el municipio presenciar esta importante ponencia, reiterando el compromiso del Gobierno Municipal de trabajar en la prevenci\u00f3n del embarazo en adolescentes y en la creaci\u00f3n de espacios de di\u00e1logo donde los j\u00f3venes puedan expresar sus inquietudes y encontrar orientaci\u00f3n.<\/p>\n","protected":false},"author":2,"featured_media":17511,"comment_status":"open","ping_status":"open","sticky":false,"template":"","format":"standard","meta":{"_monsterinsights_skip_tracking":false,"_monsterinsights_sitenote_active":false,"_monsterinsights_sitenote_note":"","_monsterinsights_sitenote_category":0,"advanced_seo_description":"","jetpack_seo_html_title":"","jetpack_seo_noindex":false,"_jetpack_memberships_contains_paid_content":false,"footnotes":"","jetpack_publicize_message":"","jetpack_publicize_feature_enabled":true,"jetpack_social_post_already_shared":true,"jetpack_social_options":{"image_generator_settings":{"template":"highway","enabled":false},"version":2}},"categories":[135,7,11],"tags":[],"class_list":["post-17510","post","type-post","status-publish","format-standard","has-post-thumbnail","hentry","category-lo-mas-leido","category-local","category-principal"],"jetpack_publicize_connections":[],"jetpack_sharing_enabled":true,"jetpack_featured_media_url":"https:\/\/i0.wp.com\/alcierrenoticias.com\/wp-content\/uploads\/2025\/09\/WhatsApp-Image-2025-09-10-at-2.09.11-PM-e1757618288137.jpeg?fit=500%2C500&ssl=1","amp_enabled":true,"_links":{"self":[{"href":"https:\/\/alcierrenoticias.com\/index.php\/wp-json\/wp\/v2\/posts\/17510","targetHints":{"allow":["GET"]}}],"collection":[{"href":"https:\/\/alcierrenoticias.com\/index.php\/wp-json\/wp\/v2\/posts"}],"about":[{"href":"https:\/\/alcierrenoticias.com\/index.php\/wp-json\/wp\/v2\/types\/post"}],"author":[{"embeddable":true,"href":"https:\/\/alcierrenoticias.com\/index.php\/wp-json\/wp\/v2\/users\/2"}],"replies":[{"embeddable":true,"href":"https:\/\/alcierrenoticias.com\/index.php\/wp-json\/wp\/v2\/comments?post=17510"}],"version-history":[{"count":2,"href":"https:\/\/alcierrenoticias.com\/index.php\/wp-json\/wp\/v2\/posts\/17510\/revisions"}],"predecessor-version":[{"id":17513,"href":"https:\/\/alcierrenoticias.com\/index.php\/wp-json\/wp\/v2\/posts\/17510\/revisions\/17513"}],"wp:featuredmedia":[{"embeddable":true,"href":"https:\/\/alcierrenoticias.com\/index.php\/wp-json\/wp\/v2\/media\/17511"}],"wp:attachment":[{"href":"https:\/\/alcierrenoticias.com\/index.php\/wp-json\/wp\/v2\/media?parent=17510"}],"wp:term":[{"taxonomy":"category","embeddable":true,"href":"https:\/\/alcierrenoticias.com\/index.php\/wp-json\/wp\/v2\/categories?post=17510"},{"taxonomy":"post_tag","embeddable":true,"href":"https:\/\/alcierrenoticias.com\/index.php\/wp-json\/wp\/v2\/tags?post=17510"}],"curies":[{"name":"wp","href":"https:\/\/api.w.org\/{rel}","templated":true}]}}