{"id":17485,"date":"2025-09-09T13:10:05","date_gmt":"2025-09-09T19:10:05","guid":{"rendered":"https:\/\/alcierrenoticias.com\/?p=17485"},"modified":"2025-09-09T23:16:06","modified_gmt":"2025-09-10T05:16:06","slug":"invita-gobierno-de-meoqui-a-la-1er-edicion-de-la-carrera-de-la-independencia-10k-y-3k","status":"publish","type":"post","link":"https:\/\/alcierrenoticias.com\/index.php\/2025\/09\/09\/invita-gobierno-de-meoqui-a-la-1er-edicion-de-la-carrera-de-la-independencia-10k-y-3k\/","title":{"rendered":"Invita Gobierno de Meoqui a la 1er Edici\u00f3n de la Carrera de la Independencia 10K y 3K."},"content":{"rendered":"<p>Dar\u00e1 inicio en el Bulevar Eduardo N\u00e1jera este 14 de septiembre y culminar\u00e1 en la Plaza Benito Ju\u00e1rez<\/p>\n<p>Meoqui vivir\u00e1 la primera edici\u00f3n de la Carrera de la Independencia este 14 de septiembre, con recorridos de 10 y 3 kil\u00f3metros, partiendo desde el bulevar Eduardo N\u00e1jera hasta llegar a la Plaza Benito Ju\u00e1rez de Delicias, la cual contar\u00e1 con categor\u00edas juvenil (14 a 19 a\u00f1os), adulto (20 a 29 a\u00f1os), m\u00e1ster (30 a 39 a\u00f1os), mayores (40 a 49 a\u00f1os) y \u00e9lite (50 a\u00f1os en adelante). Adem\u00e1s, habr\u00e1 categor\u00eda Recreativa Libre y con Mascotas, ideal para quienes deseen participar de manera m\u00e1s relajada.<\/p>\n<p>La directora del Instituto Municipal de Deporte y Juventud de Meoqui, Dulcemar\u00eda Lugo, inform\u00f3 que este evento es organizado en coordinaci\u00f3n con el Centro de Entrenamiento de Deportes de Contacto de Delicias A.C. y busca consolidarse como una tradici\u00f3n en la regi\u00f3n, a\u00f1adiendo que adem\u00e1s tiene una causa social, ya que lo recaudado se destinar\u00e1 a becas para que ni\u00f1as, ni\u00f1os y j\u00f3venes de toda la regi\u00f3n puedan entrenar en el centro de manera gratuita, con el respaldo de la alcaldesa Miriam Soto, quien se ha mantenido al pendiente de esta iniciativa.<\/p>\n<p>La inscripci\u00f3n se realiza a trav\u00e9s de la p\u00e1gina de Facebook del Centro de Entrenamiento o v\u00eda WhatsApp al n\u00famero 639 111 6536. Los kits disponibles para los primeros 300 participantes ya se agotaron; sin embargo, a\u00fan es posible registrarse con un costo de 200 pesos por n\u00famero.<\/p>\n<p>\u201cEsperamos que esta carrera llegue para quedarse, que sea la primera edici\u00f3n de muchas. Agradecemos al Centro de Entrenamiento por involucrarnos como municipio para ser part\u00edcipes de esta edici\u00f3n\u201d, expres\u00f3 la directora, extendiendo la invitaci\u00f3n a todos los corredores de Meoqui y la regi\u00f3n.<\/p>\n","protected":false},"excerpt":{"rendered":"<p>Dar\u00e1 inicio en el Bulevar Eduardo N\u00e1jera este 14 de septiembre y culminar\u00e1 en la Plaza Benito Ju\u00e1rez Meoqui vivir\u00e1 la primera edici\u00f3n de la Carrera de la Independencia este 14 de septiembre, con recorridos de 10 y 3 kil\u00f3metros, partiendo desde el bulevar Eduardo N\u00e1jera hasta llegar a la Plaza Benito Ju\u00e1rez de Delicias, la cual contar\u00e1 con categor\u00edas juvenil (14 a 19 a\u00f1os), adulto (20 a 29 a\u00f1os), m\u00e1ster (30 a 39 a\u00f1os), mayores (40 a 49 a\u00f1os) y \u00e9lite (50 a\u00f1os en adelante). Adem\u00e1s, habr\u00e1 categor\u00eda Recreativa Libre y con Mascotas, ideal para quienes deseen participar de manera m\u00e1s relajada. La directora del Instituto Municipal de Deporte y Juventud de Meoqui, Dulcemar\u00eda Lugo, inform\u00f3 que este evento es organizado en coordinaci\u00f3n con el Centro de Entrenamiento de Deportes de Contacto de Delicias A.C. y busca consolidarse como una tradici\u00f3n en la regi\u00f3n, a\u00f1adiendo que adem\u00e1s tiene una causa social, ya que lo recaudado se destinar\u00e1 a becas para que ni\u00f1as, ni\u00f1os y j\u00f3venes de toda la regi\u00f3n puedan entrenar en el centro de manera gratuita, con el respaldo de la alcaldesa Miriam Soto, quien se ha mantenido al pendiente de esta iniciativa. La inscripci\u00f3n se realiza a trav\u00e9s de la p\u00e1gina de Facebook del Centro de Entrenamiento o v\u00eda WhatsApp al n\u00famero 639 111 6536. Los kits disponibles para los primeros 300 participantes ya se agotaron; sin embargo, a\u00fan es posible registrarse con un costo de 200 pesos por n\u00famero. \u201cEsperamos que esta carrera llegue para quedarse, que sea la primera edici\u00f3n de muchas. Agradecemos al Centro de Entrenamiento por involucrarnos como municipio para ser part\u00edcipes de esta edici\u00f3n\u201d, expres\u00f3 la directora, extendiendo la invitaci\u00f3n a todos los corredores de Meoqui y la regi\u00f3n.<\/p>\n","protected":false},"author":2,"featured_media":17486,"comment_status":"open","ping_status":"open","sticky":false,"template":"","format":"standard","meta":{"_monsterinsights_skip_tracking":false,"_monsterinsights_sitenote_active":false,"_monsterinsights_sitenote_note":"","_monsterinsights_sitenote_category":0,"advanced_seo_description":"","jetpack_seo_html_title":"","jetpack_seo_noindex":false,"_jetpack_memberships_contains_paid_content":false,"footnotes":"","jetpack_publicize_message":"","jetpack_publicize_feature_enabled":true,"jetpack_social_post_already_shared":true,"jetpack_social_options":{"image_generator_settings":{"template":"highway","enabled":false},"version":2}},"categories":[135,7,11],"tags":[],"class_list":["post-17485","post","type-post","status-publish","format-standard","has-post-thumbnail","hentry","category-lo-mas-leido","category-local","category-principal"],"jetpack_publicize_connections":[],"jetpack_sharing_enabled":true,"jetpack_featured_media_url":"https:\/\/i0.wp.com\/alcierrenoticias.com\/wp-content\/uploads\/2025\/09\/WhatsApp-Image-2025-09-09-at-12.47.04-PM.jpeg?fit=1280%2C853&ssl=1","amp_enabled":true,"_links":{"self":[{"href":"https:\/\/alcierrenoticias.com\/index.php\/wp-json\/wp\/v2\/posts\/17485","targetHints":{"allow":["GET"]}}],"collection":[{"href":"https:\/\/alcierrenoticias.com\/index.php\/wp-json\/wp\/v2\/posts"}],"about":[{"href":"https:\/\/alcierrenoticias.com\/index.php\/wp-json\/wp\/v2\/types\/post"}],"author":[{"embeddable":true,"href":"https:\/\/alcierrenoticias.com\/index.php\/wp-json\/wp\/v2\/users\/2"}],"replies":[{"embeddable":true,"href":"https:\/\/alcierrenoticias.com\/index.php\/wp-json\/wp\/v2\/comments?post=17485"}],"version-history":[{"count":2,"href":"https:\/\/alcierrenoticias.com\/index.php\/wp-json\/wp\/v2\/posts\/17485\/revisions"}],"predecessor-version":[{"id":17488,"href":"https:\/\/alcierrenoticias.com\/index.php\/wp-json\/wp\/v2\/posts\/17485\/revisions\/17488"}],"wp:featuredmedia":[{"embeddable":true,"href":"https:\/\/alcierrenoticias.com\/index.php\/wp-json\/wp\/v2\/media\/17486"}],"wp:attachment":[{"href":"https:\/\/alcierrenoticias.com\/index.php\/wp-json\/wp\/v2\/media?parent=17485"}],"wp:term":[{"taxonomy":"category","embeddable":true,"href":"https:\/\/alcierrenoticias.com\/index.php\/wp-json\/wp\/v2\/categories?post=17485"},{"taxonomy":"post_tag","embeddable":true,"href":"https:\/\/alcierrenoticias.com\/index.php\/wp-json\/wp\/v2\/tags?post=17485"}],"curies":[{"name":"wp","href":"https:\/\/api.w.org\/{rel}","templated":true}]}}