{"id":17481,"date":"2025-09-08T21:35:39","date_gmt":"2025-09-09T03:35:39","guid":{"rendered":"https:\/\/alcierrenoticias.com\/?p=17481"},"modified":"2025-09-09T00:37:54","modified_gmt":"2025-09-09T06:37:54","slug":"invitan-a-disfrutar-el-grito-de-independencia-en-delicias-con-los-vendavales","status":"publish","type":"post","link":"https:\/\/alcierrenoticias.com\/index.php\/2025\/09\/08\/invitan-a-disfrutar-el-grito-de-independencia-en-delicias-con-los-vendavales\/","title":{"rendered":"Invitan a disfrutar el Grito de Independencia en Delicias con Los Vendavales."},"content":{"rendered":"<p>La ciudad de Delicias ya se encuentra lista para conmemorar las Fiestas Patrias este 15 y 16 de septiembre, con un programa que busca resaltar el esp\u00edritu c\u00edvico y familiar, seg\u00fan inform\u00f3 Daniela Rodarte Montoya, jefa de Eventos y Log\u00edstica municipal.<\/p>\n<p>Las celebraciones dar\u00e1n inicio el 15 de septiembre en punto de las 8 de la noche en el Reloj P\u00fablico, donde se instalar\u00e1n antojitos mexicanos para el disfrute de los asistentes. A las 9 de la noche se presentar\u00e1 el Mariachi 2000 junto con el Mariachi de Alberto Romero, acompa\u00f1ados de la Danza Folcl\u00f3rica de la Casa de Cultura, en un espect\u00e1culo art\u00edstico de identidad mexicana.<\/p>\n<p>Posteriormente, se llevar\u00e1 a cabo la ceremonia oficial del Grito de Independencia en la explanada de la Presidencia Municipal, encabezada por el alcalde Jes\u00fas Valenciano. Al t\u00e9rmino, la tradicional pirotecnia iluminar\u00e1 el cielo de Delicias para despu\u00e9s cerrar la noche con la presentaci\u00f3n estelar del grupo Los Vendavales.<\/p>\n<p>Las actividades continuar\u00e1n el 16 de septiembre a las 8 de la ma\u00f1ana con el Izamiento de la bandera en Presidencia Municipal, seguido del desenfunde de banderas en la Plaza Benito Ju\u00e1rez a las 8:30. En punto de las 9 iniciar\u00e1 el desfile c\u00edvico-militar, en el que participar\u00e1n instituciones educativas y elementos del 66 Batall\u00f3n de Infanter\u00eda.<\/p>\n<p>Con estas actividades, el municipio de Delicias reafirma su compromiso de ofrecer eventos incluyentes, c\u00edvicos y familiares, que fomenten la uni\u00f3n social y el orgullo patrio en un ambiente de sana convivencia.<\/p>\n","protected":false},"excerpt":{"rendered":"<p>La ciudad de Delicias ya se encuentra lista para conmemorar las Fiestas Patrias este 15 y 16 de septiembre, con un programa que busca resaltar el esp\u00edritu c\u00edvico y familiar, seg\u00fan inform\u00f3 Daniela Rodarte Montoya, jefa de Eventos y Log\u00edstica municipal. Las celebraciones dar\u00e1n inicio el 15 de septiembre en punto de las 8 de la noche en el Reloj P\u00fablico, donde se instalar\u00e1n antojitos mexicanos para el disfrute de los asistentes. A las 9 de la noche se presentar\u00e1 el Mariachi 2000 junto con el Mariachi de Alberto Romero, acompa\u00f1ados de la Danza Folcl\u00f3rica de la Casa de Cultura, en un espect\u00e1culo art\u00edstico de identidad mexicana. Posteriormente, se llevar\u00e1 a cabo la ceremonia oficial del Grito de Independencia en la explanada de la Presidencia Municipal, encabezada por el alcalde Jes\u00fas Valenciano. Al t\u00e9rmino, la tradicional pirotecnia iluminar\u00e1 el cielo de Delicias para despu\u00e9s cerrar la noche con la presentaci\u00f3n estelar del grupo Los Vendavales. Las actividades continuar\u00e1n el 16 de septiembre a las 8 de la ma\u00f1ana con el Izamiento de la bandera en Presidencia Municipal, seguido del desenfunde de banderas en la Plaza Benito Ju\u00e1rez a las 8:30. En punto de las 9 iniciar\u00e1 el desfile c\u00edvico-militar, en el que participar\u00e1n instituciones educativas y elementos del 66 Batall\u00f3n de Infanter\u00eda. Con estas actividades, el municipio de Delicias reafirma su compromiso de ofrecer eventos incluyentes, c\u00edvicos y familiares, que fomenten la uni\u00f3n social y el orgullo patrio en un ambiente de sana convivencia.<\/p>\n","protected":false},"author":2,"featured_media":17482,"comment_status":"open","ping_status":"open","sticky":false,"template":"","format":"standard","meta":{"_monsterinsights_skip_tracking":false,"_monsterinsights_sitenote_active":false,"_monsterinsights_sitenote_note":"","_monsterinsights_sitenote_category":0,"advanced_seo_description":"","jetpack_seo_html_title":"","jetpack_seo_noindex":false,"_jetpack_memberships_contains_paid_content":false,"footnotes":"","jetpack_publicize_message":"","jetpack_publicize_feature_enabled":true,"jetpack_social_post_already_shared":true,"jetpack_social_options":{"image_generator_settings":{"template":"highway","enabled":false},"version":2}},"categories":[135,7,11],"tags":[],"class_list":["post-17481","post","type-post","status-publish","format-standard","has-post-thumbnail","hentry","category-lo-mas-leido","category-local","category-principal"],"jetpack_publicize_connections":[],"jetpack_sharing_enabled":true,"jetpack_featured_media_url":"https:\/\/i0.wp.com\/alcierrenoticias.com\/wp-content\/uploads\/2025\/09\/WhatsApp-Image-2025-09-08-at-10.24.38-PM-e1757399810487.jpeg?fit=500%2C500&ssl=1","amp_enabled":true,"_links":{"self":[{"href":"https:\/\/alcierrenoticias.com\/index.php\/wp-json\/wp\/v2\/posts\/17481","targetHints":{"allow":["GET"]}}],"collection":[{"href":"https:\/\/alcierrenoticias.com\/index.php\/wp-json\/wp\/v2\/posts"}],"about":[{"href":"https:\/\/alcierrenoticias.com\/index.php\/wp-json\/wp\/v2\/types\/post"}],"author":[{"embeddable":true,"href":"https:\/\/alcierrenoticias.com\/index.php\/wp-json\/wp\/v2\/users\/2"}],"replies":[{"embeddable":true,"href":"https:\/\/alcierrenoticias.com\/index.php\/wp-json\/wp\/v2\/comments?post=17481"}],"version-history":[{"count":2,"href":"https:\/\/alcierrenoticias.com\/index.php\/wp-json\/wp\/v2\/posts\/17481\/revisions"}],"predecessor-version":[{"id":17484,"href":"https:\/\/alcierrenoticias.com\/index.php\/wp-json\/wp\/v2\/posts\/17481\/revisions\/17484"}],"wp:featuredmedia":[{"embeddable":true,"href":"https:\/\/alcierrenoticias.com\/index.php\/wp-json\/wp\/v2\/media\/17482"}],"wp:attachment":[{"href":"https:\/\/alcierrenoticias.com\/index.php\/wp-json\/wp\/v2\/media?parent=17481"}],"wp:term":[{"taxonomy":"category","embeddable":true,"href":"https:\/\/alcierrenoticias.com\/index.php\/wp-json\/wp\/v2\/categories?post=17481"},{"taxonomy":"post_tag","embeddable":true,"href":"https:\/\/alcierrenoticias.com\/index.php\/wp-json\/wp\/v2\/tags?post=17481"}],"curies":[{"name":"wp","href":"https:\/\/api.w.org\/{rel}","templated":true}]}}