{"id":17472,"date":"2025-09-08T20:30:04","date_gmt":"2025-09-09T02:30:04","guid":{"rendered":"https:\/\/alcierrenoticias.com\/?p=17472"},"modified":"2025-09-09T00:31:40","modified_gmt":"2025-09-09T06:31:40","slug":"el-pilar-fundamental-de-este-gobierno-es-la-familia-jorge-aldana-destaca-gran-apoyo-a-las-familias-camarguenses-en-esta-administracion","status":"publish","type":"post","link":"https:\/\/alcierrenoticias.com\/index.php\/2025\/09\/08\/el-pilar-fundamental-de-este-gobierno-es-la-familia-jorge-aldana-destaca-gran-apoyo-a-las-familias-camarguenses-en-esta-administracion\/","title":{"rendered":"El pilar fundamental de este gobierno es la familia: Jorge Aldana destaca gran apoyo a las familias camarguenses en est\u00e1 administraci\u00f3n."},"content":{"rendered":"<p>En el marco del primer informe de su segunda administraci\u00f3n, el presidente municipal Jorge Aldana reafirma que el pilar fundamental de este gobierno siempre ha sido la familia, trabajando cada d\u00eda para construir un Camargo con m\u00e1s vida y bienestar.<\/p>\n<p>Durante los \u00faltimos meses, se han logrado importantes avances en distintos programas sociales:<br \/>\nM\u00e1s de 5,000 personas beneficiadas con apoyos alimentarios, fortaleciendo la seguridad y nutrici\u00f3n de quienes m\u00e1s lo necesitan.<\/p>\n<p>M\u00e1s de 6,000 ni\u00f1as y ni\u00f1os recibieron desayunos fr\u00edos y calientes, garantizando su alimentaci\u00f3n y fomentando su desarrollo.<\/p>\n<p>M\u00e1s de 300 familias apoyadas con el programa de mejoramiento de vivienda y productos subsidiados, mejorando sus condiciones de vida y su entorno.<\/p>\n<p>M\u00e1s de 300 personas beneficiadas con el programa de ocupaci\u00f3n temporal, brindando oportunidades de empleo y contribuyendo al desarrollo local.<\/p>\n<p>Con estas acciones, el gobierno municipal reafirma su compromiso de trabajar de la mano con la poblaci\u00f3n, impulsando programas que fortalecen a la familia y promueven un Camargo con m\u00e1s oportunidades y bienestar.<\/p>\n","protected":false},"excerpt":{"rendered":"<p>En el marco del primer informe de su segunda administraci\u00f3n, el presidente municipal Jorge Aldana reafirma que el pilar fundamental de este gobierno siempre ha sido la familia, trabajando cada d\u00eda para construir un Camargo con m\u00e1s vida y bienestar. Durante los \u00faltimos meses, se han logrado importantes avances en distintos programas sociales: M\u00e1s de 5,000 personas beneficiadas con apoyos alimentarios, fortaleciendo la seguridad y nutrici\u00f3n de quienes m\u00e1s lo necesitan. M\u00e1s de 6,000 ni\u00f1as y ni\u00f1os recibieron desayunos fr\u00edos y calientes, garantizando su alimentaci\u00f3n y fomentando su desarrollo. M\u00e1s de 300 familias apoyadas con el programa de mejoramiento de vivienda y productos subsidiados, mejorando sus condiciones de vida y su entorno. M\u00e1s de 300 personas beneficiadas con el programa de ocupaci\u00f3n temporal, brindando oportunidades de empleo y contribuyendo al desarrollo local. Con estas acciones, el gobierno municipal reafirma su compromiso de trabajar de la mano con la poblaci\u00f3n, impulsando programas que fortalecen a la familia y promueven un Camargo con m\u00e1s oportunidades y bienestar.<\/p>\n","protected":false},"author":2,"featured_media":17473,"comment_status":"open","ping_status":"open","sticky":false,"template":"","format":"standard","meta":{"_monsterinsights_skip_tracking":false,"_monsterinsights_sitenote_active":false,"_monsterinsights_sitenote_note":"","_monsterinsights_sitenote_category":0,"advanced_seo_description":"","jetpack_seo_html_title":"","jetpack_seo_noindex":false,"_jetpack_memberships_contains_paid_content":false,"footnotes":"","jetpack_publicize_message":"","jetpack_publicize_feature_enabled":true,"jetpack_social_post_already_shared":true,"jetpack_social_options":{"image_generator_settings":{"template":"highway","enabled":false},"version":2}},"categories":[8,135,11],"tags":[],"class_list":["post-17472","post","type-post","status-publish","format-standard","has-post-thumbnail","hentry","category-estado","category-lo-mas-leido","category-principal"],"jetpack_publicize_connections":[],"jetpack_sharing_enabled":true,"jetpack_featured_media_url":"https:\/\/i0.wp.com\/alcierrenoticias.com\/wp-content\/uploads\/2025\/09\/WhatsApp-Image-2025-09-08-at-8.14.43-PM.jpeg?fit=1600%2C1066&ssl=1","amp_enabled":true,"_links":{"self":[{"href":"https:\/\/alcierrenoticias.com\/index.php\/wp-json\/wp\/v2\/posts\/17472","targetHints":{"allow":["GET"]}}],"collection":[{"href":"https:\/\/alcierrenoticias.com\/index.php\/wp-json\/wp\/v2\/posts"}],"about":[{"href":"https:\/\/alcierrenoticias.com\/index.php\/wp-json\/wp\/v2\/types\/post"}],"author":[{"embeddable":true,"href":"https:\/\/alcierrenoticias.com\/index.php\/wp-json\/wp\/v2\/users\/2"}],"replies":[{"embeddable":true,"href":"https:\/\/alcierrenoticias.com\/index.php\/wp-json\/wp\/v2\/comments?post=17472"}],"version-history":[{"count":2,"href":"https:\/\/alcierrenoticias.com\/index.php\/wp-json\/wp\/v2\/posts\/17472\/revisions"}],"predecessor-version":[{"id":17475,"href":"https:\/\/alcierrenoticias.com\/index.php\/wp-json\/wp\/v2\/posts\/17472\/revisions\/17475"}],"wp:featuredmedia":[{"embeddable":true,"href":"https:\/\/alcierrenoticias.com\/index.php\/wp-json\/wp\/v2\/media\/17473"}],"wp:attachment":[{"href":"https:\/\/alcierrenoticias.com\/index.php\/wp-json\/wp\/v2\/media?parent=17472"}],"wp:term":[{"taxonomy":"category","embeddable":true,"href":"https:\/\/alcierrenoticias.com\/index.php\/wp-json\/wp\/v2\/categories?post=17472"},{"taxonomy":"post_tag","embeddable":true,"href":"https:\/\/alcierrenoticias.com\/index.php\/wp-json\/wp\/v2\/tags?post=17472"}],"curies":[{"name":"wp","href":"https:\/\/api.w.org\/{rel}","templated":true}]}}