{"id":17468,"date":"2025-09-08T20:26:38","date_gmt":"2025-09-09T02:26:38","guid":{"rendered":"https:\/\/alcierrenoticias.com\/?p=17468"},"modified":"2025-09-09T00:30:01","modified_gmt":"2025-09-09T06:30:01","slug":"modulo-del-ine-atendera-del-8-al-15-de-septiembre-en-la-biblioteca-gomez-morin","status":"publish","type":"post","link":"https:\/\/alcierrenoticias.com\/index.php\/2025\/09\/08\/modulo-del-ine-atendera-del-8-al-15-de-septiembre-en-la-biblioteca-gomez-morin\/","title":{"rendered":"M\u00f3dulo del INE atender\u00e1 del 8 al 15 de septiembre en la Biblioteca G\u00f3mez Mor\u00edn."},"content":{"rendered":"<p>El Gobierno Municipal de Camargo informa que del 8 al 15 de septiembre estar\u00e1 disponible el m\u00f3dulo itinerante del Instituto Nacional Electoral (INE) en la Biblioteca G\u00f3mez Mor\u00edn.<\/p>\n<p>El horario de atenci\u00f3n ser\u00e1 de 9:00 a.m. a 4:00 p.m., de lunes a domingo, para que las y los ciudadanos puedan realizar tr\u00e1mites como:<\/p>\n<p>Inscripci\u00f3n al padr\u00f3n electoral.<br \/>\nActualizaci\u00f3n de datos personales o de domicilio.<br \/>\nReposici\u00f3n de credencial por robo, extrav\u00edo o deterioro.<br \/>\nEntrega de credenciales tramitadas previamente.<\/p>\n<p>Se invita a acudir con la documentaci\u00f3n requerida para agilizar el proceso, que incluye: identificaci\u00f3n oficial con fotograf\u00eda, acta de nacimiento y comprobante de domicilio reciente.<\/p>\n<p>El Gobierno Municipal reafirma su compromiso de facilitar el acceso a los servicios electorales, promoviendo la participaci\u00f3n ciudadana y el ejercicio de los derechos pol\u00edticos de todas y todos los camarguenses.<\/p>\n","protected":false},"excerpt":{"rendered":"<p>El Gobierno Municipal de Camargo informa que del 8 al 15 de septiembre estar\u00e1 disponible el m\u00f3dulo itinerante del Instituto Nacional Electoral (INE) en la Biblioteca G\u00f3mez Mor\u00edn. El horario de atenci\u00f3n ser\u00e1 de 9:00 a.m. a 4:00 p.m., de lunes a domingo, para que las y los ciudadanos puedan realizar tr\u00e1mites como: Inscripci\u00f3n al padr\u00f3n electoral. Actualizaci\u00f3n de datos personales o de domicilio. Reposici\u00f3n de credencial por robo, extrav\u00edo o deterioro. Entrega de credenciales tramitadas previamente. Se invita a acudir con la documentaci\u00f3n requerida para agilizar el proceso, que incluye: identificaci\u00f3n oficial con fotograf\u00eda, acta de nacimiento y comprobante de domicilio reciente. El Gobierno Municipal reafirma su compromiso de facilitar el acceso a los servicios electorales, promoviendo la participaci\u00f3n ciudadana y el ejercicio de los derechos pol\u00edticos de todas y todos los camarguenses.<\/p>\n","protected":false},"author":2,"featured_media":17469,"comment_status":"open","ping_status":"open","sticky":false,"template":"","format":"standard","meta":{"_monsterinsights_skip_tracking":false,"_monsterinsights_sitenote_active":false,"_monsterinsights_sitenote_note":"","_monsterinsights_sitenote_category":0,"advanced_seo_description":"","jetpack_seo_html_title":"","jetpack_seo_noindex":false,"_jetpack_memberships_contains_paid_content":false,"footnotes":"","jetpack_publicize_message":"","jetpack_publicize_feature_enabled":true,"jetpack_social_post_already_shared":true,"jetpack_social_options":{"image_generator_settings":{"template":"highway","enabled":false},"version":2}},"categories":[8,135,11],"tags":[],"class_list":["post-17468","post","type-post","status-publish","format-standard","has-post-thumbnail","hentry","category-estado","category-lo-mas-leido","category-principal"],"jetpack_publicize_connections":[],"jetpack_sharing_enabled":true,"jetpack_featured_media_url":"https:\/\/i0.wp.com\/alcierrenoticias.com\/wp-content\/uploads\/2025\/09\/WhatsApp-Image-2025-09-08-at-8.14.42-PM-e1757399360343.jpeg?fit=400%2C500&ssl=1","amp_enabled":true,"_links":{"self":[{"href":"https:\/\/alcierrenoticias.com\/index.php\/wp-json\/wp\/v2\/posts\/17468","targetHints":{"allow":["GET"]}}],"collection":[{"href":"https:\/\/alcierrenoticias.com\/index.php\/wp-json\/wp\/v2\/posts"}],"about":[{"href":"https:\/\/alcierrenoticias.com\/index.php\/wp-json\/wp\/v2\/types\/post"}],"author":[{"embeddable":true,"href":"https:\/\/alcierrenoticias.com\/index.php\/wp-json\/wp\/v2\/users\/2"}],"replies":[{"embeddable":true,"href":"https:\/\/alcierrenoticias.com\/index.php\/wp-json\/wp\/v2\/comments?post=17468"}],"version-history":[{"count":2,"href":"https:\/\/alcierrenoticias.com\/index.php\/wp-json\/wp\/v2\/posts\/17468\/revisions"}],"predecessor-version":[{"id":17471,"href":"https:\/\/alcierrenoticias.com\/index.php\/wp-json\/wp\/v2\/posts\/17468\/revisions\/17471"}],"wp:featuredmedia":[{"embeddable":true,"href":"https:\/\/alcierrenoticias.com\/index.php\/wp-json\/wp\/v2\/media\/17469"}],"wp:attachment":[{"href":"https:\/\/alcierrenoticias.com\/index.php\/wp-json\/wp\/v2\/media?parent=17468"}],"wp:term":[{"taxonomy":"category","embeddable":true,"href":"https:\/\/alcierrenoticias.com\/index.php\/wp-json\/wp\/v2\/categories?post=17468"},{"taxonomy":"post_tag","embeddable":true,"href":"https:\/\/alcierrenoticias.com\/index.php\/wp-json\/wp\/v2\/tags?post=17468"}],"curies":[{"name":"wp","href":"https:\/\/api.w.org\/{rel}","templated":true}]}}