{"id":17429,"date":"2025-09-06T11:42:35","date_gmt":"2025-09-06T17:42:35","guid":{"rendered":"https:\/\/alcierrenoticias.com\/?p=17429"},"modified":"2025-09-06T18:44:02","modified_gmt":"2025-09-07T00:44:02","slug":"inicia-dif-municipal-campana-anual-de-recoleccion-de-panales-en-delicias","status":"publish","type":"post","link":"https:\/\/alcierrenoticias.com\/index.php\/2025\/09\/06\/inicia-dif-municipal-campana-anual-de-recoleccion-de-panales-en-delicias\/","title":{"rendered":"Inicia DIF Municipal campa\u00f1a anual de recolecci\u00f3n de pa\u00f1ales en Delicias."},"content":{"rendered":"<p>Con un concierto lleno de talento, sensibilidad y esperanza, el DIF Municipal de Delicias, encabezado por Alma Limas de Valenciano, dio inicio a la campa\u00f1a anual de recolecci\u00f3n de pa\u00f1ales. El evento que se realiz\u00f3 en el Teatro de la Ciudad, denominado Concierto en Pa\u00f1ales, reuni\u00f3 a la Banda Sinf\u00f3nica Infantil y Juvenil, quienes ofrecieron su m\u00fasica como s\u00edmbolo de empat\u00eda entre generaciones.<\/p>\n<p>El coordinador de Cultura, Mario Guill\u00e9n, destac\u00f3 que el concierto representa \u201cun abrazo generacional\u201d, en el que los j\u00f3venes aportan su talento y cari\u00f1o para apoyar a los adultos mayores de la comunidad. \u201clo importante es que las primeras gotas ya comenzaron a caer. Como en el mar, poco a poco se sumar\u00e1n m\u00e1s donativos hasta lograr una gran corriente de solidaridad\u201d, expres\u00f3.<\/p>\n<p>Por su parte, Alma Limas de Valenciano inform\u00f3 que la meta de este a\u00f1o es reunir 90 mil pa\u00f1ales, equivalentes a 9 mil bolsas, que beneficiar\u00e1n a m\u00e1s de 300 adultos mayores durante todo el a\u00f1o. Asimismo, precis\u00f3 que la campa\u00f1a se extender\u00e1 hasta el \u00faltimo d\u00eda de noviembre y contar\u00e1 con diversos centros de acopio, entre ellos el DIF Municipal y el Centro Cultural.<\/p>\n<p>La presidenta del DIF explic\u00f3 que los pa\u00f1ales recolectados no solo se destinan a los adultos mayores de asilos y programas sociales, sino tambi\u00e9n a familias que enfrentan situaciones extraordinarias, como accidentes o enfermedades que requieren cuidados especiales. \u201cA veces llegan directamente del hospital a pedirnos ayuda, y esta campa\u00f1a tambi\u00e9n nos permite responder a esas emergencias\u201d, se\u00f1al\u00f3.<\/p>\n<p>Finalmente, las autoridades invitaron a la ciudadan\u00eda a sumarse a esta noble causa, recordando que cada donativo representa dignidad y salud para quienes m\u00e1s lo necesitan. \u201cHoy por ellos, ma\u00f1ana por nosotros\u201d, subray\u00f3 Limas de Valenciano, al agradecer el apoyo de los j\u00f3venes m\u00fasicos y de todas las personas que contribuyen a esta meta solidaria.<\/p>\n","protected":false},"excerpt":{"rendered":"<p>Con un concierto lleno de talento, sensibilidad y esperanza, el DIF Municipal de Delicias, encabezado por Alma Limas de Valenciano, dio inicio a la campa\u00f1a anual de recolecci\u00f3n de pa\u00f1ales. El evento que se realiz\u00f3 en el Teatro de la Ciudad, denominado Concierto en Pa\u00f1ales, reuni\u00f3 a la Banda Sinf\u00f3nica Infantil y Juvenil, quienes ofrecieron su m\u00fasica como s\u00edmbolo de empat\u00eda entre generaciones. El coordinador de Cultura, Mario Guill\u00e9n, destac\u00f3 que el concierto representa \u201cun abrazo generacional\u201d, en el que los j\u00f3venes aportan su talento y cari\u00f1o para apoyar a los adultos mayores de la comunidad. \u201clo importante es que las primeras gotas ya comenzaron a caer. Como en el mar, poco a poco se sumar\u00e1n m\u00e1s donativos hasta lograr una gran corriente de solidaridad\u201d, expres\u00f3. Por su parte, Alma Limas de Valenciano inform\u00f3 que la meta de este a\u00f1o es reunir 90 mil pa\u00f1ales, equivalentes a 9 mil bolsas, que beneficiar\u00e1n a m\u00e1s de 300 adultos mayores durante todo el a\u00f1o. Asimismo, precis\u00f3 que la campa\u00f1a se extender\u00e1 hasta el \u00faltimo d\u00eda de noviembre y contar\u00e1 con diversos centros de acopio, entre ellos el DIF Municipal y el Centro Cultural. La presidenta del DIF explic\u00f3 que los pa\u00f1ales recolectados no solo se destinan a los adultos mayores de asilos y programas sociales, sino tambi\u00e9n a familias que enfrentan situaciones extraordinarias, como accidentes o enfermedades que requieren cuidados especiales. \u201cA veces llegan directamente del hospital a pedirnos ayuda, y esta campa\u00f1a tambi\u00e9n nos permite responder a esas emergencias\u201d, se\u00f1al\u00f3. Finalmente, las autoridades invitaron a la ciudadan\u00eda a sumarse a esta noble causa, recordando que cada donativo representa dignidad y salud para quienes m\u00e1s lo necesitan. \u201cHoy por ellos, ma\u00f1ana por nosotros\u201d, subray\u00f3 Limas de Valenciano, al agradecer el apoyo de los j\u00f3venes m\u00fasicos y de todas las personas que contribuyen a esta meta solidaria.<\/p>\n","protected":false},"author":2,"featured_media":17430,"comment_status":"open","ping_status":"open","sticky":false,"template":"","format":"standard","meta":{"_monsterinsights_skip_tracking":false,"_monsterinsights_sitenote_active":false,"_monsterinsights_sitenote_note":"","_monsterinsights_sitenote_category":0,"advanced_seo_description":"","jetpack_seo_html_title":"","jetpack_seo_noindex":false,"_jetpack_memberships_contains_paid_content":false,"footnotes":"","jetpack_publicize_message":"","jetpack_publicize_feature_enabled":true,"jetpack_social_post_already_shared":true,"jetpack_social_options":{"image_generator_settings":{"template":"highway","enabled":false},"version":2}},"categories":[135,7,11],"tags":[],"class_list":["post-17429","post","type-post","status-publish","format-standard","has-post-thumbnail","hentry","category-lo-mas-leido","category-local","category-principal"],"jetpack_publicize_connections":[],"jetpack_sharing_enabled":true,"jetpack_featured_media_url":"https:\/\/i0.wp.com\/alcierrenoticias.com\/wp-content\/uploads\/2025\/09\/WhatsApp-Image-2025-09-06-at-10.59.33-AM-scaled.jpeg?fit=2560%2C1707&ssl=1","amp_enabled":true,"_links":{"self":[{"href":"https:\/\/alcierrenoticias.com\/index.php\/wp-json\/wp\/v2\/posts\/17429","targetHints":{"allow":["GET"]}}],"collection":[{"href":"https:\/\/alcierrenoticias.com\/index.php\/wp-json\/wp\/v2\/posts"}],"about":[{"href":"https:\/\/alcierrenoticias.com\/index.php\/wp-json\/wp\/v2\/types\/post"}],"author":[{"embeddable":true,"href":"https:\/\/alcierrenoticias.com\/index.php\/wp-json\/wp\/v2\/users\/2"}],"replies":[{"embeddable":true,"href":"https:\/\/alcierrenoticias.com\/index.php\/wp-json\/wp\/v2\/comments?post=17429"}],"version-history":[{"count":2,"href":"https:\/\/alcierrenoticias.com\/index.php\/wp-json\/wp\/v2\/posts\/17429\/revisions"}],"predecessor-version":[{"id":17432,"href":"https:\/\/alcierrenoticias.com\/index.php\/wp-json\/wp\/v2\/posts\/17429\/revisions\/17432"}],"wp:featuredmedia":[{"embeddable":true,"href":"https:\/\/alcierrenoticias.com\/index.php\/wp-json\/wp\/v2\/media\/17430"}],"wp:attachment":[{"href":"https:\/\/alcierrenoticias.com\/index.php\/wp-json\/wp\/v2\/media?parent=17429"}],"wp:term":[{"taxonomy":"category","embeddable":true,"href":"https:\/\/alcierrenoticias.com\/index.php\/wp-json\/wp\/v2\/categories?post=17429"},{"taxonomy":"post_tag","embeddable":true,"href":"https:\/\/alcierrenoticias.com\/index.php\/wp-json\/wp\/v2\/tags?post=17429"}],"curies":[{"name":"wp","href":"https:\/\/api.w.org\/{rel}","templated":true}]}}